{"id":171685,"date":"2020-05-27T10:15:47","date_gmt":"2020-05-27T13:15:47","guid":{"rendered":"https:\/\/www.caririemacao.com\/1\/?p=171685"},"modified":"2020-05-27T10:15:47","modified_gmt":"2020-05-27T13:15:47","slug":"prefeito-celio-assina-convenio-e-municipio-de-sao-joao-do-tigre-adquire-mais-uma-nova-ambulancia","status":"publish","type":"post","link":"https:\/\/www.caririemacao.com\/1\/2020\/05\/27\/prefeito-celio-assina-convenio-e-municipio-de-sao-joao-do-tigre-adquire-mais-uma-nova-ambulancia\/","title":{"rendered":"Prefeito C\u00e9lio assina convenio e munic\u00edpio de S\u00e3o Jo\u00e3o do Tigre adquire mais uma nova ambul\u00e2ncia"},"content":{"rendered":"\n<p>Mais uma importante conquista foi anunciada nesta ter\u00e7a feira, para beneficiar a popula\u00e7\u00e3o de S\u00e3o Jo\u00e3o do Tigre.<\/p>\n\n\n\n<p><br>O Prefeito C\u00e9lio Barbosa assinou o conv\u00eanio para a aquisi\u00e7\u00e3o de mais uma ambul\u00e2ncia para atender \u00e0s necessidades de sa\u00fade do munic\u00edpio.<\/p>\n\n\n\n<p><br>Esta ambul\u00e2ncia vai servir para atender as demandas na \u00e1rea do pronto atendimento de emerg\u00eancia 24h.<\/p>\n\n\n\n<p><br>O conv\u00eanio foi assinado no valor de R$ 209.186,00 (DUZENTOS E NOVE MIL, CENTO E OITENTA E SEIS REAIS), dos quais s\u00e3o quase 10 mil reais de contra partida dos recursos municipais.<\/p>\n\n\n\n<p><br>O prefeito C\u00e9lio Barbosa agradeceu pela parceria ao governo do estado, e principalmente ao deputado estadual Adriano Galdino, um dos principais parceiros das a\u00e7\u00f5es de desenvolvimento do munic\u00edpio.<\/p>\n\n\n\n<p><br><strong>F\u00c1BIO BRITO<\/strong><\/p>\n","protected":false},"excerpt":{"rendered":"<p>Mais uma importante conquista foi anunciada nesta ter\u00e7a feira, para beneficiar a popula\u00e7\u00e3o de S\u00e3o Jo\u00e3o do Tigre. O Prefeito C\u00e9lio Barbosa assinou o conv\u00eanio&hellip; <\/p>\n","protected":false},"author":2,"featured_media":171686,"comment_status":"closed","ping_status":"closed","sticky":false,"template":"","format":"standard","meta":{"sfsi_plus_gutenberg_text_before_share":"","sfsi_plus_gutenberg_show_text_before_share":"","sfsi_plus_gutenberg_icon_type":"","sfsi_plus_gutenberg_icon_alignemt":"","sfsi_plus_gutenburg_max_per_row":"","footnotes":""},"categories":[6],"tags":[],"class_list":["post-171685","post","type-post","status-publish","format-standard","has-post-thumbnail","hentry","category-cidades"],"_links":{"self":[{"href":"https:\/\/www.caririemacao.com\/1\/wp-json\/wp\/v2\/posts\/171685","targetHints":{"allow":["GET"]}}],"collection":[{"href":"https:\/\/www.caririemacao.com\/1\/wp-json\/wp\/v2\/posts"}],"about":[{"href":"https:\/\/www.caririemacao.com\/1\/wp-json\/wp\/v2\/types\/post"}],"author":[{"embeddable":true,"href":"https:\/\/www.caririemacao.com\/1\/wp-json\/wp\/v2\/users\/2"}],"replies":[{"embeddable":true,"href":"https:\/\/www.caririemacao.com\/1\/wp-json\/wp\/v2\/comments?post=171685"}],"version-history":[{"count":1,"href":"https:\/\/www.caririemacao.com\/1\/wp-json\/wp\/v2\/posts\/171685\/revisions"}],"predecessor-version":[{"id":171687,"href":"https:\/\/www.caririemacao.com\/1\/wp-json\/wp\/v2\/posts\/171685\/revisions\/171687"}],"wp:featuredmedia":[{"embeddable":true,"href":"https:\/\/www.caririemacao.com\/1\/wp-json\/wp\/v2\/media\/171686"}],"wp:attachment":[{"href":"https:\/\/www.caririemacao.com\/1\/wp-json\/wp\/v2\/media?parent=171685"}],"wp:term":[{"taxonomy":"category","embeddable":true,"href":"https:\/\/www.caririemacao.com\/1\/wp-json\/wp\/v2\/categories?post=171685"},{"taxonomy":"post_tag","embeddable":true,"href":"https:\/\/www.caririemacao.com\/1\/wp-json\/wp\/v2\/tags?post=171685"}],"curies":[{"name":"wp","href":"https:\/\/api.w.org\/{rel}","templated":true}]}}