{"id":171689,"date":"2020-05-27T10:17:57","date_gmt":"2020-05-27T13:17:57","guid":{"rendered":"https:\/\/www.caririemacao.com\/1\/?p=171689"},"modified":"2020-05-27T10:17:57","modified_gmt":"2020-05-27T13:17:57","slug":"policia-prende-na-regiao-do-cariri-jovem-acusado-de-matar-ex-namorada-em-queimadas","status":"publish","type":"post","link":"https:\/\/www.caririemacao.com\/1\/2020\/05\/27\/policia-prende-na-regiao-do-cariri-jovem-acusado-de-matar-ex-namorada-em-queimadas\/","title":{"rendered":"Pol\u00edcia prende na regi\u00e3o do Cariri jovem acusado de matar ex-namorada em Queimadas"},"content":{"rendered":"\n<p>Na noite desta ter\u00e7a-feira(26) uma jovem identificada por Michele Alves da Silva Veloso de 19 anos foi brutalmente assassinada no S\u00edtio Capoeiras, zona rural de Queimadas, interior da Para\u00edba.<\/p>\n\n\n\n<p>O suspeito de cometer o crime \u00e9 o ex-namorado da v\u00edtima, o motivo do crime era a n\u00e3o aceita\u00e7\u00e3o da gravidez da jovem. O acusado identificado por Gledson Pequeno Cardoso de 19 anos foi preso na madrugada dessa quarta feira (27) na cidade de Boqueir\u00e3o, Cariri do estado.<\/p>\n\n\n\n<p>De acordo com a pol\u00edcia, Michelly estava na casa que morava com os tios, no s\u00edtio Capoeiras,quando por volta das 20h30, o suspeito chegou e efetuou os disparos de arma de fogo contra a jovem.&nbsp;Ap\u00f3s o crime ele fugiu do local.<\/p>\n\n\n\n<p>O suspeito foi autuado na sede da Delegacia de Queimadas e ficar\u00e1 \u00e0 disposi\u00e7\u00e3o da Justi\u00e7a local.<\/p>\n\n\n\n<p>A barbaridade cometida pelo jovem foi bastante comentado nas redes sociais e os familiares da v\u00edtima est\u00e3o chocados com a triste not\u00edcia.<\/p>\n\n\n\n<p><\/p>\n\n\n\n<p>Com Queimadas no Foco<\/p>\n","protected":false},"excerpt":{"rendered":"<p>Na noite desta ter\u00e7a-feira(26) uma jovem identificada por Michele Alves da Silva Veloso de 19 anos foi brutalmente assassinada no S\u00edtio Capoeiras, zona rural de&hellip; <\/p>\n","protected":false},"author":2,"featured_media":171690,"comment_status":"closed","ping_status":"closed","sticky":false,"template":"","format":"standard","meta":{"sfsi_plus_gutenberg_text_before_share":"","sfsi_plus_gutenberg_show_text_before_share":"","sfsi_plus_gutenberg_icon_type":"","sfsi_plus_gutenberg_icon_alignemt":"","sfsi_plus_gutenburg_max_per_row":"","footnotes":""},"categories":[12],"tags":[],"class_list":["post-171689","post","type-post","status-publish","format-standard","has-post-thumbnail","hentry","category-policia"],"_links":{"self":[{"href":"https:\/\/www.caririemacao.com\/1\/wp-json\/wp\/v2\/posts\/171689","targetHints":{"allow":["GET"]}}],"collection":[{"href":"https:\/\/www.caririemacao.com\/1\/wp-json\/wp\/v2\/posts"}],"about":[{"href":"https:\/\/www.caririemacao.com\/1\/wp-json\/wp\/v2\/types\/post"}],"author":[{"embeddable":true,"href":"https:\/\/www.caririemacao.com\/1\/wp-json\/wp\/v2\/users\/2"}],"replies":[{"embeddable":true,"href":"https:\/\/www.caririemacao.com\/1\/wp-json\/wp\/v2\/comments?post=171689"}],"version-history":[{"count":1,"href":"https:\/\/www.caririemacao.com\/1\/wp-json\/wp\/v2\/posts\/171689\/revisions"}],"predecessor-version":[{"id":171691,"href":"https:\/\/www.caririemacao.com\/1\/wp-json\/wp\/v2\/posts\/171689\/revisions\/171691"}],"wp:featuredmedia":[{"embeddable":true,"href":"https:\/\/www.caririemacao.com\/1\/wp-json\/wp\/v2\/media\/171690"}],"wp:attachment":[{"href":"https:\/\/www.caririemacao.com\/1\/wp-json\/wp\/v2\/media?parent=171689"}],"wp:term":[{"taxonomy":"category","embeddable":true,"href":"https:\/\/www.caririemacao.com\/1\/wp-json\/wp\/v2\/categories?post=171689"},{"taxonomy":"post_tag","embeddable":true,"href":"https:\/\/www.caririemacao.com\/1\/wp-json\/wp\/v2\/tags?post=171689"}],"curies":[{"name":"wp","href":"https:\/\/api.w.org\/{rel}","templated":true}]}}