{"id":171701,"date":"2020-05-27T10:30:13","date_gmt":"2020-05-27T13:30:13","guid":{"rendered":"https:\/\/www.caririemacao.com\/1\/?p=171701"},"modified":"2020-05-27T10:30:13","modified_gmt":"2020-05-27T13:30:13","slug":"cidade-de-amparo-recebe-epis-da-secretaria-do-estado-atraves-da-5a-grs","status":"publish","type":"post","link":"https:\/\/www.caririemacao.com\/1\/2020\/05\/27\/cidade-de-amparo-recebe-epis-da-secretaria-do-estado-atraves-da-5a-grs\/","title":{"rendered":"Cidade de Amparo recebe EPIs da Secretaria do Estado atrav\u00e9s da 5\u00aa GRS"},"content":{"rendered":"\n<p>Devido \u00e0 pandemia que o mundo encontra-se por conta do COVID-19, a Secretaria de Sa\u00fade de Amparo, atrav\u00e9s da Secretaria de Sa\u00fade do Estado, em parceria com a 5\u00aa Ger\u00eancia Regional de Sa\u00fade, recebeu na ultima semana, a doa\u00e7\u00e3o de EPIs, os mesmos, ser\u00e3o destinados aos profissionais que atuam na UBS S\u00e3o Sebasti\u00e3o, bem como os servi\u00e7os da Aten\u00e7\u00e3o B\u00e1sica.<br>A Secret\u00e1ria de Sa\u00fade Ver\u00f4nica Rafael informou os materiais e a quantidade recebida:<br>43 M\u00e1scaras N95;2 Caixas de Luvas Medix;300 Toucas;300 M\u00e1scaras Hospitalar;15 Avental.<\/p>\n\n\n\n<p><br>Amparo Ligado<\/p>\n","protected":false},"excerpt":{"rendered":"<p>Devido \u00e0 pandemia que o mundo encontra-se por conta do COVID-19, a Secretaria de Sa\u00fade de Amparo, atrav\u00e9s da Secretaria de Sa\u00fade do Estado, em&hellip; <\/p>\n","protected":false},"author":2,"featured_media":171702,"comment_status":"closed","ping_status":"closed","sticky":false,"template":"","format":"standard","meta":{"sfsi_plus_gutenberg_text_before_share":"","sfsi_plus_gutenberg_show_text_before_share":"","sfsi_plus_gutenberg_icon_type":"","sfsi_plus_gutenberg_icon_alignemt":"","sfsi_plus_gutenburg_max_per_row":"","footnotes":""},"categories":[6],"tags":[],"class_list":["post-171701","post","type-post","status-publish","format-standard","has-post-thumbnail","hentry","category-cidades"],"_links":{"self":[{"href":"https:\/\/www.caririemacao.com\/1\/wp-json\/wp\/v2\/posts\/171701","targetHints":{"allow":["GET"]}}],"collection":[{"href":"https:\/\/www.caririemacao.com\/1\/wp-json\/wp\/v2\/posts"}],"about":[{"href":"https:\/\/www.caririemacao.com\/1\/wp-json\/wp\/v2\/types\/post"}],"author":[{"embeddable":true,"href":"https:\/\/www.caririemacao.com\/1\/wp-json\/wp\/v2\/users\/2"}],"replies":[{"embeddable":true,"href":"https:\/\/www.caririemacao.com\/1\/wp-json\/wp\/v2\/comments?post=171701"}],"version-history":[{"count":1,"href":"https:\/\/www.caririemacao.com\/1\/wp-json\/wp\/v2\/posts\/171701\/revisions"}],"predecessor-version":[{"id":171703,"href":"https:\/\/www.caririemacao.com\/1\/wp-json\/wp\/v2\/posts\/171701\/revisions\/171703"}],"wp:featuredmedia":[{"embeddable":true,"href":"https:\/\/www.caririemacao.com\/1\/wp-json\/wp\/v2\/media\/171702"}],"wp:attachment":[{"href":"https:\/\/www.caririemacao.com\/1\/wp-json\/wp\/v2\/media?parent=171701"}],"wp:term":[{"taxonomy":"category","embeddable":true,"href":"https:\/\/www.caririemacao.com\/1\/wp-json\/wp\/v2\/categories?post=171701"},{"taxonomy":"post_tag","embeddable":true,"href":"https:\/\/www.caririemacao.com\/1\/wp-json\/wp\/v2\/tags?post=171701"}],"curies":[{"name":"wp","href":"https:\/\/api.w.org\/{rel}","templated":true}]}}