{"id":171705,"date":"2020-05-27T12:06:44","date_gmt":"2020-05-27T15:06:44","guid":{"rendered":"https:\/\/www.caririemacao.com\/1\/?p=171705"},"modified":"2020-05-27T12:06:44","modified_gmt":"2020-05-27T15:06:44","slug":"aneel-suspende-tarifa-extra-em-contas-de-energia-ate-o-fim-do-ano","status":"publish","type":"post","link":"https:\/\/www.caririemacao.com\/1\/2020\/05\/27\/aneel-suspende-tarifa-extra-em-contas-de-energia-ate-o-fim-do-ano\/","title":{"rendered":"Aneel suspende tarifa extra em contas de energia at\u00e9 o fim do ano"},"content":{"rendered":"\n<p>A&nbsp;Aneel&nbsp;(Ag\u00eancia Nacional de Energia El\u00e9trica) anunciou nesta 3\u00aa feira (26.mai.2020) que manter\u00e1 a bandeira tarif\u00e1ria verde acionada at\u00e9 31 de dezembro de 2020. De acordo com a ag\u00eancia, a medida visa&nbsp;\u201caliviar a conta de luz dos consumidores e auxiliar o setor el\u00e9trico em meio ao cen\u00e1rio de pandemia\u201d.<\/p>\n\n\n\n<p>As bandeiras tarif\u00e1rias indicam o valor adicional cobrado de acordo com o custo de produ\u00e7\u00e3o de energia \u2013quando a bandeira verde est\u00e1 acionada, n\u00e3o \u00e9 feita nenhuma cobran\u00e7a al\u00e9m do consumo. Existem ainda as bandeiras amarela, vermelha 1 e vermelha 2.<\/p>\n\n\n\n<p>Os valores das bandeiras tarif\u00e1rias s\u00e3o ajustados anualmente. A Aneel come\u00e7ou a discutir altera\u00e7\u00f5es para o ciclo 2020\/2021 no dia anterior&nbsp;\u00e0 declara\u00e7\u00e3o oficial de pandemia&nbsp;de covid-19. A ag\u00eancia explica que&nbsp;\u201cos impactos da pandemia no consumo de energia e nas atividades econ\u00f4micas alteraram de forma significativa os estudos e par\u00e2metros utilizados na proposta\u201d.<\/p>\n\n\n\n<p>Al\u00e9m disso, os custos financiados pelas bandeiras tarif\u00e1rias est\u00e3o contemplados da Conta-covid. Trata-se de 1 empr\u00e9stimo ao setor el\u00e9trico, junto a bancos p\u00fablicos e privados, para aliviar os efeitos na pandemia no setor.<\/p>\n\n\n\n<p>PODER 360<\/p>\n","protected":false},"excerpt":{"rendered":"<p>A&nbsp;Aneel&nbsp;(Ag\u00eancia Nacional de Energia El\u00e9trica) anunciou nesta 3\u00aa feira (26.mai.2020) que manter\u00e1 a bandeira tarif\u00e1ria verde acionada at\u00e9 31 de dezembro de 2020. De acordo&hellip; <\/p>\n","protected":false},"author":2,"featured_media":171706,"comment_status":"closed","ping_status":"closed","sticky":false,"template":"","format":"standard","meta":{"sfsi_plus_gutenberg_text_before_share":"","sfsi_plus_gutenberg_show_text_before_share":"","sfsi_plus_gutenberg_icon_type":"","sfsi_plus_gutenberg_icon_alignemt":"","sfsi_plus_gutenburg_max_per_row":"","footnotes":""},"categories":[2],"tags":[],"class_list":["post-171705","post","type-post","status-publish","format-standard","has-post-thumbnail","hentry","category-geral"],"_links":{"self":[{"href":"https:\/\/www.caririemacao.com\/1\/wp-json\/wp\/v2\/posts\/171705","targetHints":{"allow":["GET"]}}],"collection":[{"href":"https:\/\/www.caririemacao.com\/1\/wp-json\/wp\/v2\/posts"}],"about":[{"href":"https:\/\/www.caririemacao.com\/1\/wp-json\/wp\/v2\/types\/post"}],"author":[{"embeddable":true,"href":"https:\/\/www.caririemacao.com\/1\/wp-json\/wp\/v2\/users\/2"}],"replies":[{"embeddable":true,"href":"https:\/\/www.caririemacao.com\/1\/wp-json\/wp\/v2\/comments?post=171705"}],"version-history":[{"count":1,"href":"https:\/\/www.caririemacao.com\/1\/wp-json\/wp\/v2\/posts\/171705\/revisions"}],"predecessor-version":[{"id":171707,"href":"https:\/\/www.caririemacao.com\/1\/wp-json\/wp\/v2\/posts\/171705\/revisions\/171707"}],"wp:featuredmedia":[{"embeddable":true,"href":"https:\/\/www.caririemacao.com\/1\/wp-json\/wp\/v2\/media\/171706"}],"wp:attachment":[{"href":"https:\/\/www.caririemacao.com\/1\/wp-json\/wp\/v2\/media?parent=171705"}],"wp:term":[{"taxonomy":"category","embeddable":true,"href":"https:\/\/www.caririemacao.com\/1\/wp-json\/wp\/v2\/categories?post=171705"},{"taxonomy":"post_tag","embeddable":true,"href":"https:\/\/www.caririemacao.com\/1\/wp-json\/wp\/v2\/tags?post=171705"}],"curies":[{"name":"wp","href":"https:\/\/api.w.org\/{rel}","templated":true}]}}