{"id":171709,"date":"2020-05-27T12:14:58","date_gmt":"2020-05-27T15:14:58","guid":{"rendered":"https:\/\/www.caririemacao.com\/1\/?p=171709"},"modified":"2020-05-27T12:14:58","modified_gmt":"2020-05-27T15:14:58","slug":"auxilio-emergencial-31-milhoes-de-pessoas-ja-podem-usar-2a-parcela","status":"publish","type":"post","link":"https:\/\/www.caririemacao.com\/1\/2020\/05\/27\/auxilio-emergencial-31-milhoes-de-pessoas-ja-podem-usar-2a-parcela\/","title":{"rendered":"Aux\u00edlio emergencial: 31 milh\u00f5es de pessoas j\u00e1 podem usar 2\u00aa parcela"},"content":{"rendered":"\n<p><br>Cerca de 31 milh\u00f5es de brasileiros j\u00e1 receberam a segunda parcela do aux\u00edlio emergencial nas contas digitais e podem utilizar o dinheiro para fazer compras pela internet e pagar contas, afirmou nesta ter\u00e7a (26) o presidente da Caixa, Pedro Guimar\u00e3es.<\/p>\n\n\n\n<p>Para quem tem a poupan\u00e7a social do banco, o pagamento come\u00e7ou a ser depositado na \u00faltima semana, de acordo com o m\u00eas de nascimento.<\/p>\n\n\n\n<p>Nesta quarta (27), 2,6 milh\u00f5es de pessoas recebem mais uma etapa de pagamentos.<\/p>\n\n\n\n<p>Deste total, 700 mil benefici\u00e1rios podem sacar em dinheiro o \u00faltimo lote da primeira parcela. O resgate vale para nascidos em outubro e em meses anteriores.<\/p>\n\n\n\n<p>Os pagamentos para esse grupo segue at\u00e9 sexta-feira (29), quando ser\u00e3o contemplados os aniversariantes do m\u00eas de dezembro.<\/p>\n\n\n\n<p>Nesta quarta, tamb\u00e9m poder\u00e1 ser sacada, em dinheiro, a segunda parcela do aux\u00edlio para 1,9 milh\u00e3o de benefici\u00e1rios do Bolsa Fam\u00edlia com NIS (N\u00famero de Inscri\u00e7\u00e3o Social) final 8. O calend\u00e1rio para quem faz parte do programa vai tamb\u00e9m at\u00e9 esta sexta (29).<\/p>\n\n\n\n<p>A partir de s\u00e1bado (30), fica liberado o saque em dinheiro para os demais benefici\u00e1rios que tenham recebido a primeira parcela at\u00e9 dia 30 de abril. Esta fase vai at\u00e9 dia 13 de junho.<\/p>\n\n\n\n<p>Para quem recebeu o \u00faltimo lote da primeira parcela ainda ser\u00e1 divulgado calend\u00e1rio com a nova leva de pagamentos.<\/p>\n","protected":false},"excerpt":{"rendered":"<p>Cerca de 31 milh\u00f5es de brasileiros j\u00e1 receberam a segunda parcela do aux\u00edlio emergencial nas contas digitais e podem utilizar o dinheiro para fazer compras&hellip; <\/p>\n","protected":false},"author":2,"featured_media":171710,"comment_status":"closed","ping_status":"closed","sticky":false,"template":"","format":"standard","meta":{"sfsi_plus_gutenberg_text_before_share":"","sfsi_plus_gutenberg_show_text_before_share":"","sfsi_plus_gutenberg_icon_type":"","sfsi_plus_gutenberg_icon_alignemt":"","sfsi_plus_gutenburg_max_per_row":"","footnotes":""},"categories":[50,2],"tags":[],"class_list":["post-171709","post","type-post","status-publish","format-standard","has-post-thumbnail","hentry","category-destaque","category-geral"],"_links":{"self":[{"href":"https:\/\/www.caririemacao.com\/1\/wp-json\/wp\/v2\/posts\/171709","targetHints":{"allow":["GET"]}}],"collection":[{"href":"https:\/\/www.caririemacao.com\/1\/wp-json\/wp\/v2\/posts"}],"about":[{"href":"https:\/\/www.caririemacao.com\/1\/wp-json\/wp\/v2\/types\/post"}],"author":[{"embeddable":true,"href":"https:\/\/www.caririemacao.com\/1\/wp-json\/wp\/v2\/users\/2"}],"replies":[{"embeddable":true,"href":"https:\/\/www.caririemacao.com\/1\/wp-json\/wp\/v2\/comments?post=171709"}],"version-history":[{"count":1,"href":"https:\/\/www.caririemacao.com\/1\/wp-json\/wp\/v2\/posts\/171709\/revisions"}],"predecessor-version":[{"id":171711,"href":"https:\/\/www.caririemacao.com\/1\/wp-json\/wp\/v2\/posts\/171709\/revisions\/171711"}],"wp:featuredmedia":[{"embeddable":true,"href":"https:\/\/www.caririemacao.com\/1\/wp-json\/wp\/v2\/media\/171710"}],"wp:attachment":[{"href":"https:\/\/www.caririemacao.com\/1\/wp-json\/wp\/v2\/media?parent=171709"}],"wp:term":[{"taxonomy":"category","embeddable":true,"href":"https:\/\/www.caririemacao.com\/1\/wp-json\/wp\/v2\/categories?post=171709"},{"taxonomy":"post_tag","embeddable":true,"href":"https:\/\/www.caririemacao.com\/1\/wp-json\/wp\/v2\/tags?post=171709"}],"curies":[{"name":"wp","href":"https:\/\/api.w.org\/{rel}","templated":true}]}}