{"id":171713,"date":"2020-05-27T12:17:09","date_gmt":"2020-05-27T15:17:09","guid":{"rendered":"https:\/\/www.caririemacao.com\/1\/?p=171713"},"modified":"2020-05-27T12:17:09","modified_gmt":"2020-05-27T15:17:09","slug":"enquanto-for-presidente-vai-ter-mais-diz-bolsonaro-sobre-operacao-da-policia-federal","status":"publish","type":"post","link":"https:\/\/www.caririemacao.com\/1\/2020\/05\/27\/enquanto-for-presidente-vai-ter-mais-diz-bolsonaro-sobre-operacao-da-policia-federal\/","title":{"rendered":"Enquanto for presidente, vai ter mais, diz Bolsonaro sobre opera\u00e7\u00e3o da Pol\u00edcia Federal"},"content":{"rendered":"\n<p>Ao ser abordado por um apoiador que agradeceu a opera\u00e7\u00e3o da Pol\u00edcia Federal desta ter\u00e7a-feira (26), que teve como alvo o governador do Rio de Janeiro, Wilson Witzel (PSC), o presidente Jair Bolsonaro (sem partido) disse nesta quarta-feira (27) que, durante seu governo, haver\u00e1 ainda mais a\u00e7\u00f5es da PF.<\/p>\n\n\n\n<p>&#8220;Vai ter mais. Enquanto eu for presidente, vai ter mais. Isso n\u00e3o \u00e9 informa\u00e7\u00e3o privilegiada n\u00e3o. V\u00e3o dizer que \u00e9 informa\u00e7\u00e3o privilegiada&#8221;, disse Bolsonaro ao deixar o Pal\u00e1cio da Alvorada. A intera\u00e7\u00e3o foi transmitida pelas redes sociais do presidente.<\/p>\n\n\n\n<p>Witzel \u00e9 desafeto de Bolsonaro, que recentemente mudou a c\u00fapula da Pol\u00edcia Federal, gesto que motivou a sa\u00edda do governo do ent\u00e3o ministro da Justi\u00e7a, Sergio Moro.<\/p>\n\n\n\n<p>A a\u00e7\u00e3o desta ter\u00e7a-feira foi deflagrada um dia ap\u00f3s ser nomeado o novo superintendente da corpora\u00e7\u00e3o no Rio, T\u00e1cio Muzzi. A representa\u00e7\u00e3o da PF no estado est\u00e1 no centro de uma investiga\u00e7\u00e3o autorizada pelo STF (Supremo Tribunal Federal) que apura se o presidente buscava interferir politicamente em A Pol\u00edcia Federal fez buscas no Pal\u00e1cio das Laranjeiras, resid\u00eancia oficial em que mora o governador do Rio de Janeiro. A Pol\u00edcia Federal apreendeu o aparelho de celular e o computador do governador.<\/p>\n\n\n\n<p>A opera\u00e7\u00e3o, autorizada pelo ministro Benedito Gon\u00e7alves, do STJ (Superior Tribunal de Justi\u00e7a), mira um suposto esquema de desvios de recursos p\u00fablicos destinados ao combate ao coronav\u00edrus no estado.<\/p>\n\n\n\n<p>O inqu\u00e9rito no STJ foi aberto no \u00faltimo dia 13, com base em informa\u00e7\u00f5es de autoridades de investiga\u00e7\u00e3o do estado do Rio. Os mandados em cumprimento nesta quarta-feira foram solicitados pela PGR (Procuradoria-Geral da Rep\u00fablica) na semana passada.<\/p>\n\n\n\n<p>Segundo investigadores, a PF tamb\u00e9m buscou provas no Pal\u00e1cio da Guanabara, onde o chefe do Executivo fluminense despacha, em sua antiga casa, usada antes de se eleger, e em um escrit\u00f3rio da mulher dele.<\/p>\n\n\n\n<p>Ao todo, foram cumpridos mandados de busca e apreens\u00e3o em 11 endere\u00e7os. O governador seria ouvido nesta ter\u00e7a-feira, mas pediu para que o depoimento fosse adiado para que possa falar depois de ter acesso aos autos.<\/p>\n\n\n\n<p>Nesta ter\u00e7a, em meio \u00e0 opera\u00e7\u00e3o, Witzel afirmou em nota que n\u00e3o cometeu irregularidades e apontou interfer\u00eancia de Bolsonaro na investiga\u00e7\u00e3o. Ele apontou como evid\u00eancia da interfer\u00eancia o fato de a deputada Carla Zambelli (PSL-SP) ter mencionado nesta segunda (25) a\u00e7\u00f5es iminentes da PF contra governadores.<\/p>\n\n\n\n<p>Bolsonaro deixou o Pal\u00e1cio da Alvorada ap\u00f3s falar apenas com apoiadores.<\/p>\n","protected":false},"excerpt":{"rendered":"<p>Ao ser abordado por um apoiador que agradeceu a opera\u00e7\u00e3o da Pol\u00edcia Federal desta ter\u00e7a-feira (26), que teve como alvo o governador do Rio de&hellip; <\/p>\n","protected":false},"author":2,"featured_media":171200,"comment_status":"closed","ping_status":"closed","sticky":false,"template":"","format":"standard","meta":{"sfsi_plus_gutenberg_text_before_share":"","sfsi_plus_gutenberg_show_text_before_share":"","sfsi_plus_gutenberg_icon_type":"","sfsi_plus_gutenberg_icon_alignemt":"","sfsi_plus_gutenburg_max_per_row":"","footnotes":""},"categories":[11],"tags":[],"class_list":["post-171713","post","type-post","status-publish","format-standard","has-post-thumbnail","hentry","category-politica"],"_links":{"self":[{"href":"https:\/\/www.caririemacao.com\/1\/wp-json\/wp\/v2\/posts\/171713","targetHints":{"allow":["GET"]}}],"collection":[{"href":"https:\/\/www.caririemacao.com\/1\/wp-json\/wp\/v2\/posts"}],"about":[{"href":"https:\/\/www.caririemacao.com\/1\/wp-json\/wp\/v2\/types\/post"}],"author":[{"embeddable":true,"href":"https:\/\/www.caririemacao.com\/1\/wp-json\/wp\/v2\/users\/2"}],"replies":[{"embeddable":true,"href":"https:\/\/www.caririemacao.com\/1\/wp-json\/wp\/v2\/comments?post=171713"}],"version-history":[{"count":1,"href":"https:\/\/www.caririemacao.com\/1\/wp-json\/wp\/v2\/posts\/171713\/revisions"}],"predecessor-version":[{"id":171714,"href":"https:\/\/www.caririemacao.com\/1\/wp-json\/wp\/v2\/posts\/171713\/revisions\/171714"}],"wp:featuredmedia":[{"embeddable":true,"href":"https:\/\/www.caririemacao.com\/1\/wp-json\/wp\/v2\/media\/171200"}],"wp:attachment":[{"href":"https:\/\/www.caririemacao.com\/1\/wp-json\/wp\/v2\/media?parent=171713"}],"wp:term":[{"taxonomy":"category","embeddable":true,"href":"https:\/\/www.caririemacao.com\/1\/wp-json\/wp\/v2\/categories?post=171713"},{"taxonomy":"post_tag","embeddable":true,"href":"https:\/\/www.caririemacao.com\/1\/wp-json\/wp\/v2\/tags?post=171713"}],"curies":[{"name":"wp","href":"https:\/\/api.w.org\/{rel}","templated":true}]}}