{"id":171716,"date":"2020-05-27T12:19:27","date_gmt":"2020-05-27T15:19:27","guid":{"rendered":"https:\/\/www.caririemacao.com\/1\/?p=171716"},"modified":"2020-05-27T12:19:27","modified_gmt":"2020-05-27T15:19:27","slug":"hoje-e-o-ultimo-dia-para-se-inscrever-no-enem","status":"publish","type":"post","link":"https:\/\/www.caririemacao.com\/1\/2020\/05\/27\/hoje-e-o-ultimo-dia-para-se-inscrever-no-enem\/","title":{"rendered":"Hoje \u00e9 o \u00faltimo dia para se inscrever no Enem"},"content":{"rendered":"\n<p>Termina \u00e0s 23h59 desta quarta-feira (27) o prazo para as inscri\u00e7\u00f5es no Exame Nacional do Ensino M\u00e9dio (Enem) 2020. O Instituto Nacional de Estudos e Pesquisas Educacionais An\u00edsio Teixeira (Inep) alerta os interessados que n\u00e3o deixem para a \u00faltima hora e lembra que quem solicitou a isen\u00e7\u00e3o da taxa de inscri\u00e7\u00e3o precisa se inscrever, assim como os demais participantes.<\/p>\n\n\n\n<p>Os dados declarados pelos candidatos devem ser conferidos e apenas alguns deles podem ser modificados na p\u00e1gina do participante, durante o acompanhamento da inscri\u00e7\u00e3o. No caso da escolha do munic\u00edpio para fazer a prova, por exemplo, o Inep pede cuidado refor\u00e7ado, porque, ap\u00f3s o encerramento do prazo, n\u00e3o ser\u00e1 poss\u00edvel trocar. Al\u00e9m disso, \u00e9 necess\u00e1rio memorizar a senha ou anot\u00e1-la e guard\u00e1-la em local seguro, porque \u00e9 com ela que o participante ir\u00e1 acompanhar todas as etapas de execu\u00e7\u00e3o do exame.<\/p>\n\n\n\n<p>Feita a inscri\u00e7\u00e3o, o pagamento do boleto, no valor de R$ 85, s\u00f3 pode ser feito at\u00e9 amanh\u00e3. De acordo com o \u00faltimo balan\u00e7o divulgado pelo Inep, mais de 5 milh\u00f5es de estudantes se inscreveram no Enem 2020.<\/p>\n\n\n\n<p><strong>Data das provas<\/strong><\/p>\n\n\n\n<p>Por causa da pandemia do novo coronav\u00edrus, no fim de junho ser\u00e1 feita uma enquete com os estudantes inscritos, na P\u00e1gina do Participante. As datas do exame ser\u00e3o definidas ap\u00f3s a consulta.<\/p>\n","protected":false},"excerpt":{"rendered":"<p>Termina \u00e0s 23h59 desta quarta-feira (27) o prazo para as inscri\u00e7\u00f5es no Exame Nacional do Ensino M\u00e9dio (Enem) 2020. O Instituto Nacional de Estudos e&hellip; <\/p>\n","protected":false},"author":2,"featured_media":171717,"comment_status":"closed","ping_status":"closed","sticky":false,"template":"","format":"standard","meta":{"sfsi_plus_gutenberg_text_before_share":"","sfsi_plus_gutenberg_show_text_before_share":"","sfsi_plus_gutenberg_icon_type":"","sfsi_plus_gutenberg_icon_alignemt":"","sfsi_plus_gutenburg_max_per_row":"","footnotes":""},"categories":[14],"tags":[],"class_list":["post-171716","post","type-post","status-publish","format-standard","has-post-thumbnail","hentry","category-educacao"],"_links":{"self":[{"href":"https:\/\/www.caririemacao.com\/1\/wp-json\/wp\/v2\/posts\/171716","targetHints":{"allow":["GET"]}}],"collection":[{"href":"https:\/\/www.caririemacao.com\/1\/wp-json\/wp\/v2\/posts"}],"about":[{"href":"https:\/\/www.caririemacao.com\/1\/wp-json\/wp\/v2\/types\/post"}],"author":[{"embeddable":true,"href":"https:\/\/www.caririemacao.com\/1\/wp-json\/wp\/v2\/users\/2"}],"replies":[{"embeddable":true,"href":"https:\/\/www.caririemacao.com\/1\/wp-json\/wp\/v2\/comments?post=171716"}],"version-history":[{"count":1,"href":"https:\/\/www.caririemacao.com\/1\/wp-json\/wp\/v2\/posts\/171716\/revisions"}],"predecessor-version":[{"id":171718,"href":"https:\/\/www.caririemacao.com\/1\/wp-json\/wp\/v2\/posts\/171716\/revisions\/171718"}],"wp:featuredmedia":[{"embeddable":true,"href":"https:\/\/www.caririemacao.com\/1\/wp-json\/wp\/v2\/media\/171717"}],"wp:attachment":[{"href":"https:\/\/www.caririemacao.com\/1\/wp-json\/wp\/v2\/media?parent=171716"}],"wp:term":[{"taxonomy":"category","embeddable":true,"href":"https:\/\/www.caririemacao.com\/1\/wp-json\/wp\/v2\/categories?post=171716"},{"taxonomy":"post_tag","embeddable":true,"href":"https:\/\/www.caririemacao.com\/1\/wp-json\/wp\/v2\/tags?post=171716"}],"curies":[{"name":"wp","href":"https:\/\/api.w.org\/{rel}","templated":true}]}}