{"id":171729,"date":"2020-05-27T14:38:13","date_gmt":"2020-05-27T17:38:13","guid":{"rendered":"https:\/\/www.caririemacao.com\/1\/?p=171729"},"modified":"2020-05-27T14:38:13","modified_gmt":"2020-05-27T17:38:13","slug":"scfv-e-projeto-casa-monica-organizam-volta-as-atividades-de-forma-remota-e-online","status":"publish","type":"post","link":"https:\/\/www.caririemacao.com\/1\/2020\/05\/27\/scfv-e-projeto-casa-monica-organizam-volta-as-atividades-de-forma-remota-e-online\/","title":{"rendered":"SCFV e Projeto Casa M\u00f4nica organizam volta \u00e0s atividades de forma remota e online"},"content":{"rendered":"\n<p>A Secretaria de Assist\u00eancia Social de Sum\u00e9 informa que as atividades dos Servi\u00e7os de Conviv\u00eancia e Fortalecimento de V\u00ednculos (SCFV) e o Projeto M\u00f4nica retornar\u00e3o online e de forma remota, a partir de segunda-feira, 1\u00ba de junho.<\/p>\n\n\n\n<p>Toda a programa\u00e7\u00e3o est\u00e1 sendo desenvolvida pelos coordenadores e professores dos projetos, levando em considera\u00e7\u00e3o as diretrizes dos programas e os seus respectivos p\u00fablicos atendidos.<\/p>\n\n\n\n<p>Os alunos receber\u00e3o kits para as atividades, o atendimento ser\u00e1 realizado em v\u00eddeo aulas, online, com o aux\u00edlio dos monitores. Todos os usu\u00e1rios dos programas tem aparelhos eletr\u00f4nicos compat\u00edveis com acesso \u00e0 internet.<\/p>\n\n\n\n<p>As aulas em regime especial do Projeto Casa M\u00f4nica e SCFV ser\u00e3o mantidas enquanto permanecerem as medidas de isolamento social, conforme previstas nos decretos municipal e estadual.<\/p>\n\n\n\n<p>O SCFV e o Projeto M\u00f4nica s\u00e3o a\u00e7\u00f5es executadas pela Secretaria Municipal de Assist\u00eancia Social, sob a coordena\u00e7\u00e3o do CRAS, que tem a finalidade de prevenir situa\u00e7\u00f5es de vulnerabilidade social e risco, al\u00e9m de desenvolver potencialidades e fortalecer v\u00ednculos familiares e comunit\u00e1rios, permitindo a amplia\u00e7\u00e3o do acesso aos direitos de cidadania.<\/p>\n\n\n\n<p>Ascom PMS<\/p>\n","protected":false},"excerpt":{"rendered":"<p>A Secretaria de Assist\u00eancia Social de Sum\u00e9 informa que as atividades dos Servi\u00e7os de Conviv\u00eancia e Fortalecimento de V\u00ednculos (SCFV) e o Projeto M\u00f4nica retornar\u00e3o&hellip; <\/p>\n","protected":false},"author":2,"featured_media":171730,"comment_status":"closed","ping_status":"closed","sticky":false,"template":"","format":"standard","meta":{"sfsi_plus_gutenberg_text_before_share":"","sfsi_plus_gutenberg_show_text_before_share":"","sfsi_plus_gutenberg_icon_type":"","sfsi_plus_gutenberg_icon_alignemt":"","sfsi_plus_gutenburg_max_per_row":"","footnotes":""},"categories":[2],"tags":[],"class_list":["post-171729","post","type-post","status-publish","format-standard","has-post-thumbnail","hentry","category-geral"],"_links":{"self":[{"href":"https:\/\/www.caririemacao.com\/1\/wp-json\/wp\/v2\/posts\/171729","targetHints":{"allow":["GET"]}}],"collection":[{"href":"https:\/\/www.caririemacao.com\/1\/wp-json\/wp\/v2\/posts"}],"about":[{"href":"https:\/\/www.caririemacao.com\/1\/wp-json\/wp\/v2\/types\/post"}],"author":[{"embeddable":true,"href":"https:\/\/www.caririemacao.com\/1\/wp-json\/wp\/v2\/users\/2"}],"replies":[{"embeddable":true,"href":"https:\/\/www.caririemacao.com\/1\/wp-json\/wp\/v2\/comments?post=171729"}],"version-history":[{"count":1,"href":"https:\/\/www.caririemacao.com\/1\/wp-json\/wp\/v2\/posts\/171729\/revisions"}],"predecessor-version":[{"id":171732,"href":"https:\/\/www.caririemacao.com\/1\/wp-json\/wp\/v2\/posts\/171729\/revisions\/171732"}],"wp:featuredmedia":[{"embeddable":true,"href":"https:\/\/www.caririemacao.com\/1\/wp-json\/wp\/v2\/media\/171730"}],"wp:attachment":[{"href":"https:\/\/www.caririemacao.com\/1\/wp-json\/wp\/v2\/media?parent=171729"}],"wp:term":[{"taxonomy":"category","embeddable":true,"href":"https:\/\/www.caririemacao.com\/1\/wp-json\/wp\/v2\/categories?post=171729"},{"taxonomy":"post_tag","embeddable":true,"href":"https:\/\/www.caririemacao.com\/1\/wp-json\/wp\/v2\/tags?post=171729"}],"curies":[{"name":"wp","href":"https:\/\/api.w.org\/{rel}","templated":true}]}}