{"id":171735,"date":"2020-05-27T14:47:34","date_gmt":"2020-05-27T17:47:34","guid":{"rendered":"https:\/\/www.caririemacao.com\/1\/?p=171735"},"modified":"2020-05-27T14:58:10","modified_gmt":"2020-05-27T17:58:10","slug":"novos-caminhos-prefeitura-recupera-estradas-da-cachoerinha-barreiros-quixaba-tamandua-sao-jose-e-extrema","status":"publish","type":"post","link":"https:\/\/www.caririemacao.com\/1\/2020\/05\/27\/novos-caminhos-prefeitura-recupera-estradas-da-cachoerinha-barreiros-quixaba-tamandua-sao-jose-e-extrema\/","title":{"rendered":"&#8216;Novos caminhos&#8217;: Prefeitura de Monteiro recupera estradas da Cachoerinha, Barreiros, Quixaba, Tamandu\u00e1, S\u00e3o Jos\u00e9 e Extrema"},"content":{"rendered":"\n<p>A Prefeitura de Monteiro, atrav\u00e9s da Secretaria de Agricultura Meio Ambiente e Desenvolvimento Sustent\u00e1vel, est\u00e1 finalizando os servi\u00e7os de recupera\u00e7\u00e3o das estradas vicinais do munic\u00edpio, que possui uma das maiores malhas vi\u00e1rias de estradas rurais do estado.<\/p>\n\n\n\n<p>Na \u00faltima segunda-feira (25), as m\u00e1quinas de patrolamento e as ca\u00e7ambas da Prefeitura, finalizaram a recupera\u00e7\u00e3o e manuten\u00e7\u00e3o das estradas das comunidades dos s\u00edtios Cachoeirinha, S\u00edtio Barreiros, S\u00edtio Quixaba, S\u00edtio Tamandu\u00e1, S\u00edtio S\u00e3o Jos\u00e9 e Extrema.<\/p>\n\n\n\n<p><br>Al\u00e9m dos servi\u00e7os de recupera\u00e7\u00e3o das estradas, a equipe respons\u00e1vel pela manuten\u00e7\u00e3o de cata-ventos realizou servi\u00e7os de recupera\u00e7\u00e3o nos po\u00e7os do S\u00edtio Moc\u00f3 e na Rua Givonaldo Cavalcante, onde foram feitas as manuten\u00e7\u00f5es necess\u00e1rias nos adaptadores, Registros, Cabe\u00e7as, Sola, Anilhas, Varetas de guia, Cilindros, Niples, Joelhos, Redu\u00e7\u00f5es e Cord\u00f5es de Gaxeta.<\/p>\n\n\n\n<p>&nbsp;<br>A Prefeita de Monteiro, Anna Lorena, afirmou que, somente nos casos extremos, onde n\u00e3o haja possibilidade das m\u00e1quinas se deslocarem pra zona rural, o cronograma estabelecido ser\u00e1 seguido, dentro da programa\u00e7\u00e3o mensal de manuten\u00e7\u00e3o.&nbsp;<\/p>\n\n\n\n<p><br>\u201cTodos os presidentes de Associa\u00e7\u00e3o Rural, est\u00e3o nos repassando as necessidades das suas comunidades e \u00e9 em cima dessas necessidades que definimos a prioridade e fazemos o cronograma. Ainda assim, nos casos de urg\u00eancia, onde h\u00e1 risco de comunidades ficarem ilhadas ou sem acesso \u00e0 zona urbana, n\u00f3s deslocamos uma equipe de emerg\u00eancia e voltamos \u00e0 programa\u00e7\u00e3o previamente estabelecida.\u201d Concluiu Anna Lorena<\/p>\n","protected":false},"excerpt":{"rendered":"<p>A Prefeitura de Monteiro, atrav\u00e9s da Secretaria de Agricultura Meio Ambiente e Desenvolvimento Sustent\u00e1vel, est\u00e1 finalizando os servi\u00e7os de recupera\u00e7\u00e3o das estradas vicinais do munic\u00edpio,&hellip; <\/p>\n","protected":false},"author":1,"featured_media":171736,"comment_status":"closed","ping_status":"closed","sticky":false,"template":"","format":"standard","meta":{"sfsi_plus_gutenberg_text_before_share":"","sfsi_plus_gutenberg_show_text_before_share":"","sfsi_plus_gutenberg_icon_type":"","sfsi_plus_gutenberg_icon_alignemt":"","sfsi_plus_gutenburg_max_per_row":"","footnotes":""},"categories":[6,50],"tags":[],"class_list":["post-171735","post","type-post","status-publish","format-standard","has-post-thumbnail","hentry","category-cidades","category-destaque"],"_links":{"self":[{"href":"https:\/\/www.caririemacao.com\/1\/wp-json\/wp\/v2\/posts\/171735","targetHints":{"allow":["GET"]}}],"collection":[{"href":"https:\/\/www.caririemacao.com\/1\/wp-json\/wp\/v2\/posts"}],"about":[{"href":"https:\/\/www.caririemacao.com\/1\/wp-json\/wp\/v2\/types\/post"}],"author":[{"embeddable":true,"href":"https:\/\/www.caririemacao.com\/1\/wp-json\/wp\/v2\/users\/1"}],"replies":[{"embeddable":true,"href":"https:\/\/www.caririemacao.com\/1\/wp-json\/wp\/v2\/comments?post=171735"}],"version-history":[{"count":2,"href":"https:\/\/www.caririemacao.com\/1\/wp-json\/wp\/v2\/posts\/171735\/revisions"}],"predecessor-version":[{"id":171751,"href":"https:\/\/www.caririemacao.com\/1\/wp-json\/wp\/v2\/posts\/171735\/revisions\/171751"}],"wp:featuredmedia":[{"embeddable":true,"href":"https:\/\/www.caririemacao.com\/1\/wp-json\/wp\/v2\/media\/171736"}],"wp:attachment":[{"href":"https:\/\/www.caririemacao.com\/1\/wp-json\/wp\/v2\/media?parent=171735"}],"wp:term":[{"taxonomy":"category","embeddable":true,"href":"https:\/\/www.caririemacao.com\/1\/wp-json\/wp\/v2\/categories?post=171735"},{"taxonomy":"post_tag","embeddable":true,"href":"https:\/\/www.caririemacao.com\/1\/wp-json\/wp\/v2\/tags?post=171735"}],"curies":[{"name":"wp","href":"https:\/\/api.w.org\/{rel}","templated":true}]}}