{"id":171739,"date":"2020-05-27T14:49:46","date_gmt":"2020-05-27T17:49:46","guid":{"rendered":"https:\/\/www.caririemacao.com\/1\/?p=171739"},"modified":"2020-05-27T14:49:46","modified_gmt":"2020-05-27T17:49:46","slug":"desde-inicio-da-pandemia-saude-de-amparo-se-destaca-na-quantidade-de-acoes-de-prevencao-e-combate-ao-covid-19","status":"publish","type":"post","link":"https:\/\/www.caririemacao.com\/1\/2020\/05\/27\/desde-inicio-da-pandemia-saude-de-amparo-se-destaca-na-quantidade-de-acoes-de-prevencao-e-combate-ao-covid-19\/","title":{"rendered":"Desde in\u00edcio da pandemia, sa\u00fade de Amparo se destaca na quantidade de a\u00e7\u00f5es de preven\u00e7\u00e3o e combate ao Covid-19"},"content":{"rendered":"\n<p>A Prefeitura de Amparo, atrav\u00e9s da Secretaria de Sa\u00fade vem realizando desde o in\u00edcio da pandemia do novo Coronav\u00edrus um trabalho que merece destaque com diversas a\u00e7\u00f5es que tem beneficiado a popula\u00e7\u00e3o tanto na \u00e1rea espec\u00edfica da sa\u00fade como social.<br>As a\u00e7\u00f5es no munic\u00edpio come\u00e7aram ainda no m\u00eas de mar\u00e7o com decretos emitidos pelo Prefeito In\u00e1cio N\u00f3brega regulando diversos pontos e iniciando a preven\u00e7\u00e3o ao v\u00edrus que ainda nem havia chegado na regi\u00e3o.<br>Diversas outras a\u00e7\u00f5es foram realizadas desde ent\u00e3o que v\u00e3o de palestras sobre preven\u00e7\u00e3o ao Coronav\u00edrus nas Escolas da Rede P\u00fablica, atividades de Conscientiza\u00e7\u00e3o e Combate ao v\u00edrus, entrega de Kits Nutricionais para pais e respons\u00e1veis de alunos, barreiras sanit\u00e1rias, doa\u00e7\u00e3o de m\u00e1scaras, instala\u00e7\u00e3o de lavat\u00f3rios em pontos p\u00fablicos, sala espec\u00edfica para realiza\u00e7\u00e3o de Testes R\u00e1pidos, entre outras a\u00e7\u00f5es.<\/p>\n\n\n\n<figure class=\"wp-block-image\"><a href=\"https:\/\/1.bp.blogspot.com\/-ehvP18URDyw\/Xs6i6zwZJqI\/AAAAAAABN8M\/LcDCXCN22wYjuFfIw60qQjtFTobHtFjHwCLcBGAsYHQ\/s1600\/03.%2B20%2Bde%2BMaio%2B-%2BPrefeitura%2Bde%2BAmparo%2Bcontrata%2Bempresa%2Bpara%2Bfazer%2Bdesinfec%25C3%25A7%25C3%25A3o%2Bdas%2Bruas%2Bdevido%2Bao%2BCovid-19%2B%25289%2529.jpg\"><img decoding=\"async\" data-src=\"https:\/\/1.bp.blogspot.com\/-ehvP18URDyw\/Xs6i6zwZJqI\/AAAAAAABN8M\/LcDCXCN22wYjuFfIw60qQjtFTobHtFjHwCLcBGAsYHQ\/s640\/03.%2B20%2Bde%2BMaio%2B-%2BPrefeitura%2Bde%2BAmparo%2Bcontrata%2Bempresa%2Bpara%2Bfazer%2Bdesinfec%25C3%25A7%25C3%25A3o%2Bdas%2Bruas%2Bdevido%2Bao%2BCovid-19%2B%25289%2529.jpg\" alt=\"\" src=\"data:image\/svg+xml;base64,PHN2ZyB3aWR0aD0iMSIgaGVpZ2h0PSIxIiB4bWxucz0iaHR0cDovL3d3dy53My5vcmcvMjAwMC9zdmciPjwvc3ZnPg==\" class=\"lazyload\" \/><\/a><\/figure>\n\n\n\n<p><\/p>\n\n\n\n<p>Uma a\u00e7\u00e3o importante feita tamb\u00e9m pelo munic\u00edpio foi a contrata\u00e7\u00e3o de uma empresa especializada em desinfec\u00e7\u00e3o de locais p\u00fablicos e privados. A empresa IOA Servi\u00e7os fez uma for\u00e7a tarefa nas ruas da cidade, cal\u00e7adas, pontos mais visitados eliminando o rastro do v\u00edrus por um bom tempo.<br>Atualmente a cidade de Amparo, que tem sido uma das que mais testa na regi\u00e3o contabiliza 11 casos confirmados e comemora a cura de 7 pessoas que foram acompanhadas de perto pelo servi\u00e7o de sa\u00fade do munic\u00edpio. Outros 34 casos foram descartados e 5 est\u00e3o em investiga\u00e7\u00e3o e acompanhados pelos servi\u00e7o de sa\u00fade.<\/p>\n\n\n\n<p>A Secret\u00e1ria Veronica Nunes lembra que todas essas a\u00e7\u00f5es s\u00e3o de extrema import\u00e2ncia e coloca Amparo num alto patamar de enfrentamento ao v\u00edrus, mas que para que haja um efeito satisfat\u00f3rio a popula\u00e7\u00e3o precisa fazer sua parte cumprindo o isolamento social.<br>Confira o cronograma de a\u00e7\u00f5es da Secretaria de Sa\u00fade de Amparo:<br><strong>MAR\u00c7O:<\/strong>17 de Mar\u00e7o \u2013 Secretaria de Sa\u00fade de Amparo realizou palestras sobre preven\u00e7\u00e3o ao Coronav\u00edrus nas Escolas da Rede P\u00fablica<br>18 de Mar\u00e7o \u2013 Secretaria de Educa\u00e7\u00e3o de Amparo promove atividades de Conscientiza\u00e7\u00e3o e Combate ao Coronav\u00edrus<br>24 de Mar\u00e7o \u2013 Prefeitura de Amparo realiza entrega de Kits Nutricionais para pais e respons\u00e1veis de Alunos da Rede Municipal<br>25 de Mar\u00e7o \u2013 Prefeitura de Amparo realiza entrega de Kits Nutricionais para pais e respons\u00e1veis de Alunos da Rede Municipal<br>31 de Mar\u00e7o \u2013 Prefeitura de Amparo realiza a\u00e7\u00e3o de limpeza contra o coronav\u00edrus nos locais onde existe maior concentra\u00e7\u00e3o de pessoas<br><strong>ABRIL:<\/strong>17 de Abril \u2013 Vigil\u00e2ncia Sanit\u00e1ria de Amparo realizou visitas de orienta\u00e7\u00e3o em estabelecimentos comerciais; Servi\u00e7os n\u00e3o essenciais devem ficar fechados<br>17 de Abril \u2013 Agentes de Combate a Endemias refor\u00e7am medidas de higieniza\u00e7\u00e3o, desinfec\u00e7\u00e3o e preven\u00e7\u00e3o ao Covid19<br>30 de Abril \u2013 Secretaria de Sa\u00fade de Amparo instala barreira sanit\u00e1ria na entrada do munic\u00edpio<br><strong>MAIO:<\/strong>06 de Maio \u2013 Secretaria de Sa\u00fade de Amparo entrega m\u00e1scaras aos Benefici\u00e1rios do Programa Leite de Cabra e nos com\u00e9rcios<br>07 de Maio \u2013 Prefeitura de Amparo instala Lavat\u00f3rios em pontos p\u00fablicos<br>14 de Maio \u2013 Secretaria de Sa\u00fade de Amparo realizou mais uma Barreira Sanit\u00e1ria<br>15 de Maio \u2013 Secretaria de Sa\u00fade de Amparo instala sala para realiza\u00e7\u00e3o de Testes R\u00e1pidos da COVID-19<br>18 de Maio \u2013 Sec. de Sa\u00fade de Amparo visita a Usina de Leite de Cabra para avaliar como est\u00e1 sendo o recebimento do Leite<br>20 de Maio \u2013 Secretaria de Sa\u00fade de Amparo instala Barreiras Sanit\u00e1rias fixas nas 3 entradas da cidade<br>20 de Maio \u2013 Prefeitura de Amparo contrata empresa para fazer desinfec\u00e7\u00e3o das ruas devido ao Covid-19<\/p>\n\n\n\n<p><br>Para\u00edba MixFotos e colabora\u00e7\u00e3o: Amparo Ligado<\/p>\n","protected":false},"excerpt":{"rendered":"<p>A Prefeitura de Amparo, atrav\u00e9s da Secretaria de Sa\u00fade vem realizando desde o in\u00edcio da pandemia do novo Coronav\u00edrus um trabalho que merece destaque com&hellip; <\/p>\n","protected":false},"author":2,"featured_media":171740,"comment_status":"closed","ping_status":"closed","sticky":false,"template":"","format":"standard","meta":{"sfsi_plus_gutenberg_text_before_share":"","sfsi_plus_gutenberg_show_text_before_share":"","sfsi_plus_gutenberg_icon_type":"","sfsi_plus_gutenberg_icon_alignemt":"","sfsi_plus_gutenburg_max_per_row":"","footnotes":""},"categories":[6],"tags":[],"class_list":["post-171739","post","type-post","status-publish","format-standard","has-post-thumbnail","hentry","category-cidades"],"_links":{"self":[{"href":"https:\/\/www.caririemacao.com\/1\/wp-json\/wp\/v2\/posts\/171739","targetHints":{"allow":["GET"]}}],"collection":[{"href":"https:\/\/www.caririemacao.com\/1\/wp-json\/wp\/v2\/posts"}],"about":[{"href":"https:\/\/www.caririemacao.com\/1\/wp-json\/wp\/v2\/types\/post"}],"author":[{"embeddable":true,"href":"https:\/\/www.caririemacao.com\/1\/wp-json\/wp\/v2\/users\/2"}],"replies":[{"embeddable":true,"href":"https:\/\/www.caririemacao.com\/1\/wp-json\/wp\/v2\/comments?post=171739"}],"version-history":[{"count":1,"href":"https:\/\/www.caririemacao.com\/1\/wp-json\/wp\/v2\/posts\/171739\/revisions"}],"predecessor-version":[{"id":171741,"href":"https:\/\/www.caririemacao.com\/1\/wp-json\/wp\/v2\/posts\/171739\/revisions\/171741"}],"wp:featuredmedia":[{"embeddable":true,"href":"https:\/\/www.caririemacao.com\/1\/wp-json\/wp\/v2\/media\/171740"}],"wp:attachment":[{"href":"https:\/\/www.caririemacao.com\/1\/wp-json\/wp\/v2\/media?parent=171739"}],"wp:term":[{"taxonomy":"category","embeddable":true,"href":"https:\/\/www.caririemacao.com\/1\/wp-json\/wp\/v2\/categories?post=171739"},{"taxonomy":"post_tag","embeddable":true,"href":"https:\/\/www.caririemacao.com\/1\/wp-json\/wp\/v2\/tags?post=171739"}],"curies":[{"name":"wp","href":"https:\/\/api.w.org\/{rel}","templated":true}]}}