{"id":17174,"date":"2017-04-04T15:10:34","date_gmt":"2017-04-04T18:10:34","guid":{"rendered":"http:\/\/caririemacao.com\/1\/?p=17174"},"modified":"2017-04-04T15:10:34","modified_gmt":"2017-04-04T18:10:34","slug":"porto-deve-pagar-mais-r-165-milhoes-ao-corinthians-por-felipe","status":"publish","type":"post","link":"https:\/\/www.caririemacao.com\/1\/2017\/04\/04\/porto-deve-pagar-mais-r-165-milhoes-ao-corinthians-por-felipe\/","title":{"rendered":"Porto deve pagar mais R$ 16,5 milh\u00f5es ao Corinthians por Felipe"},"content":{"rendered":"<p>O Corinthians est\u00e1 prestes a receber mais uma porcentagem referente ao zagueiro Felipe, negociado em junho do ano passado com o Porto. Na \u00e9poca, o Tim\u00e3o\u00a0vendeu 75% dos direitos econ\u00f4micos do atleta. Menos de um ano depois, o jogador j\u00e1 se firmou no futebol europeu e tem o nome ligado a grandes equipes do continente, como Real Madrid e Inter de Mil\u00e3o. Por isso, os portugueses pretendem exercer o direito de compra dos outros 25%, que ainda pertencem ao Tim\u00e3o.<\/p>\n<p>Segundo o jornal <em>A Bola<\/em>, os drag\u00f5es devem desembolsar mais 5 milh\u00f5es de euros (aproximadamente R$ 16,5 milh\u00f5es) para adquirir a totalidade dos direitos do atleta. A ideia dos portugueses \u00e9 comprar a fatia restante e depois negoci\u00e1-lo com algum gigante europeu \u2013 a multa rescis\u00f3ria do jogador gira em torno de 50 milh\u00f5es de euros (cerca de R$ 170 milh\u00f5es).<\/p>\n<p>Campe\u00e3o brasileiro em 2015 com o Corinthians, o zagueiro de 27 anos foi negociado para o futebol europeu pouco depois de ser convocado para a Sele\u00e7\u00e3o Brasileira, quando ainda era comandada por Dunga. Em pouco tempo, assumiu a titularidade no Porto e conquistou a torcida. Em 39 participa\u00e7\u00f5es, Felipe marcou tr\u00eas\u00a0gols e \u00e9 um dos principais nomes da boa campanha da equipe no Campeonato Portugu\u00eas \u2013 atualmente o clube ocupa a segunda coloca\u00e7\u00e3o, com 64 pontos, um a menos do que o Benfica.<\/p>\n<p><strong><span style=\"font-family: 'Georgia','serif'; color: #333333;\">CARIRI EM A\u00c7\u00c3O\u00a0<\/span><\/strong><\/p>\n<p style=\"font-variant-ligatures: normal; font-variant-caps: normal; orphans: 2; text-align: start; widows: 2; -webkit-text-stroke-width: 0px; text-decoration-style: initial; text-decoration-color: initial; word-spacing: 0px;\"><span style=\"font-family: 'Georgia','serif'; color: #333333;\">Com Gazeta E<\/span><span style=\"font-family: 'Georgia','serif'; color: #333333;\">sportiva \/Foto: Miguel Riopa<\/span><\/p>\n<p style=\"font-variant-ligatures: normal; font-variant-caps: normal; orphans: 2; text-align: start; widows: 2; -webkit-text-stroke-width: 0px; text-decoration-style: initial; text-decoration-color: initial; word-spacing: 0px;\"><strong><span style=\"font-family: 'Georgia','serif'; color: #333333;\">Leia mais not\u00edcias em\u00a0<\/span><\/strong><span><a href=\"http:\/\/www.caririemacao.com\/\"><strong><span>caririemacao.com<\/span><\/strong><\/a><strong><span>, siga nossa p\u00e1gina no<\/span><\/strong><a href=\"https:\/\/www.facebook.com\/CaririEmAcao\/\"><strong><span>\u00a0Facebook<\/span><\/strong><\/a><strong><span>\u00a0e\u00a0<a href=\"https:\/\/www.instagram.com\/cariri_em_acao\/?hl=pt-br\">Instagram<\/a>\u00a0veja nossas mat\u00e9rias e fotos. Voc\u00ea tamb\u00e9m pode enviar informa\u00e7\u00f5es \u00e0 Reda\u00e7\u00e3o do Portal Cariri em A\u00e7\u00e3o pelo WhatsApp (83) 9 9634.5791, (83) 9 9601-1162 ou (83) 9 994189.<\/span><\/strong><\/span><\/p>\n","protected":false},"excerpt":{"rendered":"<p>O Corinthians est\u00e1 prestes a receber mais uma porcentagem referente ao zagueiro Felipe, negociado em junho do ano passado com o Porto. Na \u00e9poca, o&hellip; <\/p>\n","protected":false},"author":2,"featured_media":17175,"comment_status":"closed","ping_status":"closed","sticky":false,"template":"","format":"standard","meta":{"sfsi_plus_gutenberg_text_before_share":"","sfsi_plus_gutenberg_show_text_before_share":"","sfsi_plus_gutenberg_icon_type":"","sfsi_plus_gutenberg_icon_alignemt":"","sfsi_plus_gutenburg_max_per_row":"","footnotes":""},"categories":[13],"tags":[],"class_list":["post-17174","post","type-post","status-publish","format-standard","has-post-thumbnail","hentry","category-esportes"],"_links":{"self":[{"href":"https:\/\/www.caririemacao.com\/1\/wp-json\/wp\/v2\/posts\/17174","targetHints":{"allow":["GET"]}}],"collection":[{"href":"https:\/\/www.caririemacao.com\/1\/wp-json\/wp\/v2\/posts"}],"about":[{"href":"https:\/\/www.caririemacao.com\/1\/wp-json\/wp\/v2\/types\/post"}],"author":[{"embeddable":true,"href":"https:\/\/www.caririemacao.com\/1\/wp-json\/wp\/v2\/users\/2"}],"replies":[{"embeddable":true,"href":"https:\/\/www.caririemacao.com\/1\/wp-json\/wp\/v2\/comments?post=17174"}],"version-history":[{"count":0,"href":"https:\/\/www.caririemacao.com\/1\/wp-json\/wp\/v2\/posts\/17174\/revisions"}],"wp:featuredmedia":[{"embeddable":true,"href":"https:\/\/www.caririemacao.com\/1\/wp-json\/wp\/v2\/media\/17175"}],"wp:attachment":[{"href":"https:\/\/www.caririemacao.com\/1\/wp-json\/wp\/v2\/media?parent=17174"}],"wp:term":[{"taxonomy":"category","embeddable":true,"href":"https:\/\/www.caririemacao.com\/1\/wp-json\/wp\/v2\/categories?post=17174"},{"taxonomy":"post_tag","embeddable":true,"href":"https:\/\/www.caririemacao.com\/1\/wp-json\/wp\/v2\/tags?post=17174"}],"curies":[{"name":"wp","href":"https:\/\/api.w.org\/{rel}","templated":true}]}}