{"id":171745,"date":"2020-05-27T14:53:44","date_gmt":"2020-05-27T17:53:44","guid":{"rendered":"https:\/\/www.caririemacao.com\/1\/?p=171745"},"modified":"2020-05-27T14:53:44","modified_gmt":"2020-05-27T17:53:44","slug":"campanha-aftosa-prefeitura-de-monteiro-alerta-para-o-prazo-de-vacinacao","status":"publish","type":"post","link":"https:\/\/www.caririemacao.com\/1\/2020\/05\/27\/campanha-aftosa-prefeitura-de-monteiro-alerta-para-o-prazo-de-vacinacao\/","title":{"rendered":"Campanha aftosa: Prefeitura de Monteiro alerta para o prazo de vacina\u00e7\u00e3o"},"content":{"rendered":"\n<p>A prefeitura de Monteiro, atrav\u00e9s da Secretaria de Agricultura Meio Ambiente e Desenvolvimento Sustent\u00e1vel, comunicou a todos os produtores rurais de Monteiro, que no pr\u00f3ximo dia 1\u00ba de junho (pr\u00f3xima segunda-feira), se inicia mais uma etapa da Campanha de Vacina\u00e7\u00e3o contra Febre Aftosa. O objetivo da campanha 2020 \u00e9 ampliar o \u00edndice de vacina\u00e7\u00e3o atingido na segunda etapa da campanha em novembro de 2019.&nbsp;<\/p>\n\n\n\n<p>A Prefeita Anna Lorena destacou que o munic\u00edpio de Monteiro, desde 2016, n\u00e3o tem medido esfor\u00e7os para ampliar o \u00edndice de vacina\u00e7\u00e3o do rebanho no munic\u00edpio, contribuindo para que o estado mantenha o status concedido pela Organiza\u00e7\u00e3o Mundial de Sa\u00fade Animal, como territ\u00f3rio livre da febre aftosa com vacina\u00e7\u00e3o.\u00a0<\/p>\n\n\n\n<p><br>Para Lorena \u201cA meta \u00e9 atingir o status de livre da febre aftosa sem vacina\u00e7\u00e3o na primeira etapa da campanha de 2021. Por\u00e9m, esse resultado depender\u00e1 da participa\u00e7\u00e3o e conscientiza\u00e7\u00e3o dos criadores, informando e atualizando regularmente o rebanho duas vezes por ano junto aos \u00f3rg\u00e3os respons\u00e1veis\u201d, afirmou Lorena.<br>Valmir Azevedo, Diretor Regional da EMPAER, disse que o trabalho integrado entre o \u00f3rg\u00e3o e a Prefeitura de Monteiro, vem contribuindo para que, a cada ano, os \u00edndices sejam superados.<\/p>\n","protected":false},"excerpt":{"rendered":"<p>A prefeitura de Monteiro, atrav\u00e9s da Secretaria de Agricultura Meio Ambiente e Desenvolvimento Sustent\u00e1vel, comunicou a todos os produtores rurais de Monteiro, que no pr\u00f3ximo&hellip; <\/p>\n","protected":false},"author":1,"featured_media":171746,"comment_status":"closed","ping_status":"closed","sticky":false,"template":"","format":"standard","meta":{"sfsi_plus_gutenberg_text_before_share":"","sfsi_plus_gutenberg_show_text_before_share":"","sfsi_plus_gutenberg_icon_type":"","sfsi_plus_gutenberg_icon_alignemt":"","sfsi_plus_gutenburg_max_per_row":"","footnotes":""},"categories":[6,50],"tags":[],"class_list":["post-171745","post","type-post","status-publish","format-standard","has-post-thumbnail","hentry","category-cidades","category-destaque"],"_links":{"self":[{"href":"https:\/\/www.caririemacao.com\/1\/wp-json\/wp\/v2\/posts\/171745","targetHints":{"allow":["GET"]}}],"collection":[{"href":"https:\/\/www.caririemacao.com\/1\/wp-json\/wp\/v2\/posts"}],"about":[{"href":"https:\/\/www.caririemacao.com\/1\/wp-json\/wp\/v2\/types\/post"}],"author":[{"embeddable":true,"href":"https:\/\/www.caririemacao.com\/1\/wp-json\/wp\/v2\/users\/1"}],"replies":[{"embeddable":true,"href":"https:\/\/www.caririemacao.com\/1\/wp-json\/wp\/v2\/comments?post=171745"}],"version-history":[{"count":1,"href":"https:\/\/www.caririemacao.com\/1\/wp-json\/wp\/v2\/posts\/171745\/revisions"}],"predecessor-version":[{"id":171747,"href":"https:\/\/www.caririemacao.com\/1\/wp-json\/wp\/v2\/posts\/171745\/revisions\/171747"}],"wp:featuredmedia":[{"embeddable":true,"href":"https:\/\/www.caririemacao.com\/1\/wp-json\/wp\/v2\/media\/171746"}],"wp:attachment":[{"href":"https:\/\/www.caririemacao.com\/1\/wp-json\/wp\/v2\/media?parent=171745"}],"wp:term":[{"taxonomy":"category","embeddable":true,"href":"https:\/\/www.caririemacao.com\/1\/wp-json\/wp\/v2\/categories?post=171745"},{"taxonomy":"post_tag","embeddable":true,"href":"https:\/\/www.caririemacao.com\/1\/wp-json\/wp\/v2\/tags?post=171745"}],"curies":[{"name":"wp","href":"https:\/\/api.w.org\/{rel}","templated":true}]}}