{"id":171748,"date":"2020-05-27T14:56:34","date_gmt":"2020-05-27T17:56:34","guid":{"rendered":"https:\/\/www.caririemacao.com\/1\/?p=171748"},"modified":"2020-05-27T15:01:04","modified_gmt":"2020-05-27T18:01:04","slug":"monteiro-realiza-testes-de-covi-19-em-motoristas-de-transporte-alternativo","status":"publish","type":"post","link":"https:\/\/www.caririemacao.com\/1\/2020\/05\/27\/monteiro-realiza-testes-de-covi-19-em-motoristas-de-transporte-alternativo\/","title":{"rendered":"Monteiro realiza testes de Covid-19 em motoristas de transporte alternativo"},"content":{"rendered":"\n<p>A Prefeita de Monteiro, Anna Lorena, tem se destacado nacionalmente pelas a\u00e7\u00f5es adotadas no trabalho de preven\u00e7\u00e3o \u00e0 dissemina\u00e7\u00e3o do Coronav\u00edrus no munic\u00edpio. A cidade que possui, proporcionalmente, um dos menores \u00edndices de casos confirmados na regi\u00e3o do Cariri e no Estado da Para\u00edba, vem ampliando os cuidados e oferecendo servi\u00e7os de sa\u00fade com toda a rede envolvida no combate ao v\u00edrus.<\/p>\n\n\n\n<p>Na \u00faltima semana, Anna Lorena sugeriu e foi viabilizada pela Secretaria de Sa\u00fade, a possibilidade de que os motoristas residentes em Monteiro, mas que prestam servi\u00e7os de transporte alternativo, semanalmente, nas linhas de Campina Grande e Jo\u00e3o Pessoa, fizessem o teste para o novo Coronav\u00edrus \u2013 COVID-19.<\/p>\n\n\n\n<p><br>Em Monteiro, foi montada uma estrutura segura no Centro de Especialidades M\u00e9dicas \u2013 CEMED, para coleta exclusiva dos testes para o novo coronav\u00edrus. Nela, \u00e9 poss\u00edvel realizar o teste r\u00e1pido por imunocromatografia e a sorologia para a COVID-19, os quais detectam a presen\u00e7a de anticorpos contra o novo Coronav\u00edrus no sangue do paciente.<\/p>\n\n\n\n<p><br>Na ter\u00e7a-feira(26), chegaram os resultados dos exames dos seis motoristas que fazem transporte alternativo na cidade, tendo sido atestado NEGATIVO para todos os pacientes.<br>Anna Lorena, afirmou que os testes tamb\u00e9m estar\u00e3o disponibilizados aos motoristas que fazem outras rotas para cidades onde h\u00e1 um grande registro de casos confirmados, a exemplo de Patos, S\u00e3o Jos\u00e9 do Egito e Santa Cruz de Capibaribe. \u00c0 partir desta quarta-feira (27), os demais profissionais de transporte alternativo podem procurar o CEMED e fazer o agendamento para o exame, independente de estarem apresentando ou n\u00e3o sintomas gripais.<\/p>\n","protected":false},"excerpt":{"rendered":"<p>A Prefeita de Monteiro, Anna Lorena, tem se destacado nacionalmente pelas a\u00e7\u00f5es adotadas no trabalho de preven\u00e7\u00e3o \u00e0 dissemina\u00e7\u00e3o do Coronav\u00edrus no munic\u00edpio. A cidade&hellip; <\/p>\n","protected":false},"author":1,"featured_media":171749,"comment_status":"closed","ping_status":"closed","sticky":false,"template":"","format":"standard","meta":{"sfsi_plus_gutenberg_text_before_share":"","sfsi_plus_gutenberg_show_text_before_share":"","sfsi_plus_gutenberg_icon_type":"","sfsi_plus_gutenberg_icon_alignemt":"","sfsi_plus_gutenburg_max_per_row":"","footnotes":""},"categories":[6,50,16],"tags":[],"class_list":["post-171748","post","type-post","status-publish","format-standard","has-post-thumbnail","hentry","category-cidades","category-destaque","category-saude"],"_links":{"self":[{"href":"https:\/\/www.caririemacao.com\/1\/wp-json\/wp\/v2\/posts\/171748","targetHints":{"allow":["GET"]}}],"collection":[{"href":"https:\/\/www.caririemacao.com\/1\/wp-json\/wp\/v2\/posts"}],"about":[{"href":"https:\/\/www.caririemacao.com\/1\/wp-json\/wp\/v2\/types\/post"}],"author":[{"embeddable":true,"href":"https:\/\/www.caririemacao.com\/1\/wp-json\/wp\/v2\/users\/1"}],"replies":[{"embeddable":true,"href":"https:\/\/www.caririemacao.com\/1\/wp-json\/wp\/v2\/comments?post=171748"}],"version-history":[{"count":2,"href":"https:\/\/www.caririemacao.com\/1\/wp-json\/wp\/v2\/posts\/171748\/revisions"}],"predecessor-version":[{"id":171752,"href":"https:\/\/www.caririemacao.com\/1\/wp-json\/wp\/v2\/posts\/171748\/revisions\/171752"}],"wp:featuredmedia":[{"embeddable":true,"href":"https:\/\/www.caririemacao.com\/1\/wp-json\/wp\/v2\/media\/171749"}],"wp:attachment":[{"href":"https:\/\/www.caririemacao.com\/1\/wp-json\/wp\/v2\/media?parent=171748"}],"wp:term":[{"taxonomy":"category","embeddable":true,"href":"https:\/\/www.caririemacao.com\/1\/wp-json\/wp\/v2\/categories?post=171748"},{"taxonomy":"post_tag","embeddable":true,"href":"https:\/\/www.caririemacao.com\/1\/wp-json\/wp\/v2\/tags?post=171748"}],"curies":[{"name":"wp","href":"https:\/\/api.w.org\/{rel}","templated":true}]}}