{"id":171753,"date":"2020-05-27T15:05:24","date_gmt":"2020-05-27T18:05:24","guid":{"rendered":"https:\/\/www.caririemacao.com\/1\/?p=171753"},"modified":"2020-05-27T15:05:24","modified_gmt":"2020-05-27T18:05:24","slug":"governador-devera-vetar-lei-que-preve-descontos-nas-mensalidades-e-sancionar-lei-sobre-suspensao-de-cobranca-dos-consignados","status":"publish","type":"post","link":"https:\/\/www.caririemacao.com\/1\/2020\/05\/27\/governador-devera-vetar-lei-que-preve-descontos-nas-mensalidades-e-sancionar-lei-sobre-suspensao-de-cobranca-dos-consignados\/","title":{"rendered":"Governador dever\u00e1 vetar lei que prev\u00ea descontos nas mensalidades e sancionar lei sobre suspens\u00e3o de cobran\u00e7a dos consignados"},"content":{"rendered":"\n<p>O governador Jo\u00e3o Azev\u00eado deve vetar a lei que prev\u00ea descontos nas mensalidades em escolas e faculdades particulares durante a pandemia do novo coronav\u00edrus. A informa\u00e7\u00e3o foi obtida e divulgada pelo jornalista Lu\u00eds Torres, no Arapuan Verdade desta quarta-feira (27).<\/p>\n\n\n\n<p>A Assembleia Legislativa da Para\u00edba aprovou por maioria, na manh\u00e3 do dia 6 de maio, o Projeto de Lei 1.696\/2020, que trata da redu\u00e7\u00e3o das mensalidades de escolas e universidades privadas, enquanto as aulas presenciais estiverem suspensas devido a pandemia de covid-19.<\/p>\n\n\n\n<p>O projeto, de autoria dos deputados Adriano Galdino, Estela Bezerra, Lindolfo Pires e Ricardo Barbosa, foi aprovado por maioria dos Deputados presentes com os votos contr\u00e1rios dos Deputados Walber Virgolino, Cabo Gilberto, Cida Ramos, Camila Toscano, Dr. \u00c9rico, Edmilson&nbsp; Soares, Eduardo Carneiro, Felipe Leit\u00e3o e Raniery Paulino.<\/p>\n\n\n\n<p>O texto prev\u00ea descontos que podem variar de 10% a 30% dependendo da quantidade de alunos do estabelecimento de ensino, caso n\u00e3o haja oferta de aulas remotas. Para os estabelecimentos que oferecem aulas remotas, o desconto fica entre 5% e 25%, novamente dependendo da quantidade de alunos.<\/p>\n\n\n\n<p>Al\u00e9m disso, tamb\u00e9m foi aprovada Emenda Aditiva do Deputado Ricardo Barbosa, que pro\u00edbe a cobran\u00e7a de juros em mensalidades atrasadas enquanto durar o decreto de calamidade p\u00fablica estadual em virtude da pandemia.<\/p>\n\n\n\n<p>O projeto agora segue para a san\u00e7\u00e3o do governador Jo\u00e3o Azev\u00eado.<\/p>\n","protected":false},"excerpt":{"rendered":"<p>O governador Jo\u00e3o Azev\u00eado deve vetar a lei que prev\u00ea descontos nas mensalidades em escolas e faculdades particulares durante a pandemia do novo coronav\u00edrus. A&hellip; <\/p>\n","protected":false},"author":2,"featured_media":171754,"comment_status":"closed","ping_status":"closed","sticky":false,"template":"","format":"standard","meta":{"sfsi_plus_gutenberg_text_before_share":"","sfsi_plus_gutenberg_show_text_before_share":"","sfsi_plus_gutenberg_icon_type":"","sfsi_plus_gutenberg_icon_alignemt":"","sfsi_plus_gutenburg_max_per_row":"","footnotes":""},"categories":[11],"tags":[],"class_list":["post-171753","post","type-post","status-publish","format-standard","has-post-thumbnail","hentry","category-politica"],"_links":{"self":[{"href":"https:\/\/www.caririemacao.com\/1\/wp-json\/wp\/v2\/posts\/171753","targetHints":{"allow":["GET"]}}],"collection":[{"href":"https:\/\/www.caririemacao.com\/1\/wp-json\/wp\/v2\/posts"}],"about":[{"href":"https:\/\/www.caririemacao.com\/1\/wp-json\/wp\/v2\/types\/post"}],"author":[{"embeddable":true,"href":"https:\/\/www.caririemacao.com\/1\/wp-json\/wp\/v2\/users\/2"}],"replies":[{"embeddable":true,"href":"https:\/\/www.caririemacao.com\/1\/wp-json\/wp\/v2\/comments?post=171753"}],"version-history":[{"count":1,"href":"https:\/\/www.caririemacao.com\/1\/wp-json\/wp\/v2\/posts\/171753\/revisions"}],"predecessor-version":[{"id":171755,"href":"https:\/\/www.caririemacao.com\/1\/wp-json\/wp\/v2\/posts\/171753\/revisions\/171755"}],"wp:featuredmedia":[{"embeddable":true,"href":"https:\/\/www.caririemacao.com\/1\/wp-json\/wp\/v2\/media\/171754"}],"wp:attachment":[{"href":"https:\/\/www.caririemacao.com\/1\/wp-json\/wp\/v2\/media?parent=171753"}],"wp:term":[{"taxonomy":"category","embeddable":true,"href":"https:\/\/www.caririemacao.com\/1\/wp-json\/wp\/v2\/categories?post=171753"},{"taxonomy":"post_tag","embeddable":true,"href":"https:\/\/www.caririemacao.com\/1\/wp-json\/wp\/v2\/tags?post=171753"}],"curies":[{"name":"wp","href":"https:\/\/api.w.org\/{rel}","templated":true}]}}