{"id":171760,"date":"2020-05-27T21:31:28","date_gmt":"2020-05-28T00:31:28","guid":{"rendered":"https:\/\/www.caririemacao.com\/1\/?p=171760"},"modified":"2020-05-27T21:36:56","modified_gmt":"2020-05-28T00:36:56","slug":"sao-sebastiao-do-umbuzeiro-confirma-1-caso-de-covid-19","status":"publish","type":"post","link":"https:\/\/www.caririemacao.com\/1\/2020\/05\/27\/sao-sebastiao-do-umbuzeiro-confirma-1-caso-de-covid-19\/","title":{"rendered":"S\u00e3o Sebasti\u00e3o do Umbuzeiro confirma 1\u00b0 caso de covid-19"},"content":{"rendered":"\n<p>O prefeito de S\u00e3o Sebasti\u00e3o do Umbuzeiro, Adriano Wolff, confirmou nesta quarta-feira 27, atrav\u00e9s das redes sociais o primeiro caso positivo de Covid-9 no munic\u00edpio.<\/p>\n\n\n\n<p>&#8220;Boa noite pessoal, neste momento venho dar uma not\u00edcia n\u00e3o muito agrad\u00e1vel para nossa popula\u00e7\u00e3o, agora a noite (27 de maio de 2020) por volta das 19 horas identificamos o primeiro caso com Covid-19 em nosso munic\u00edpio, trata-se de uma mulher de 28 anos que est\u00e1 em acompanhamento pela equipe da sa\u00fade, a paciente est\u00e1 bem e com sintomas leves de falta de apetite, seguindo o protocolo, n\u00e3o podemos divulgar o nome da paciente&#8221;, disse o prefeito.  <\/p>\n\n\n\n<p>&#8220;Amanh\u00e3 \u00e0s 10 horas da manh\u00e3, juntamente com o secret\u00e1rio de sa\u00fade, faremos uma live em nossas redes sociais para esclarecer melhor a popula\u00e7\u00e3o e insistir, mais do que nunca n\u00f3s devemos ficar em casa, se tiver que sair use m\u00e1scara, se tiver que ir no com\u00e9rcio, n\u00f3s instalamos lavat\u00f3rios na \u00e1rea central do nosso munic\u00edpio e principais pontos de circula\u00e7\u00e3o, como banco, correio e casa lot\u00e9rica, tenho certeza que vamos todos ficar bem, como falei antes, se viesse acontecer algum caso em nosso munic\u00edpio, n\u00f3s divulgar\u00edamos imediatamente, n\u00e3o ter\u00edamos motivo algum e nem poder\u00edamos esconder, fiquem com Deus!,&#8221;concluiu o prefeito, Adriano Wolff.<\/p>\n","protected":false},"excerpt":{"rendered":"<p>O prefeito de S\u00e3o Sebasti\u00e3o do Umbuzeiro, Adriano Wolff, confirmou nesta quarta-feira 27, atrav\u00e9s das redes sociais o primeiro caso positivo de Covid-9 no munic\u00edpio.&hellip; <\/p>\n","protected":false},"author":1,"featured_media":171761,"comment_status":"closed","ping_status":"closed","sticky":false,"template":"","format":"standard","meta":{"sfsi_plus_gutenberg_text_before_share":"","sfsi_plus_gutenberg_show_text_before_share":"","sfsi_plus_gutenberg_icon_type":"","sfsi_plus_gutenberg_icon_alignemt":"","sfsi_plus_gutenburg_max_per_row":"","footnotes":""},"categories":[6,50,16],"tags":[],"class_list":["post-171760","post","type-post","status-publish","format-standard","has-post-thumbnail","hentry","category-cidades","category-destaque","category-saude"],"_links":{"self":[{"href":"https:\/\/www.caririemacao.com\/1\/wp-json\/wp\/v2\/posts\/171760","targetHints":{"allow":["GET"]}}],"collection":[{"href":"https:\/\/www.caririemacao.com\/1\/wp-json\/wp\/v2\/posts"}],"about":[{"href":"https:\/\/www.caririemacao.com\/1\/wp-json\/wp\/v2\/types\/post"}],"author":[{"embeddable":true,"href":"https:\/\/www.caririemacao.com\/1\/wp-json\/wp\/v2\/users\/1"}],"replies":[{"embeddable":true,"href":"https:\/\/www.caririemacao.com\/1\/wp-json\/wp\/v2\/comments?post=171760"}],"version-history":[{"count":4,"href":"https:\/\/www.caririemacao.com\/1\/wp-json\/wp\/v2\/posts\/171760\/revisions"}],"predecessor-version":[{"id":171765,"href":"https:\/\/www.caririemacao.com\/1\/wp-json\/wp\/v2\/posts\/171760\/revisions\/171765"}],"wp:featuredmedia":[{"embeddable":true,"href":"https:\/\/www.caririemacao.com\/1\/wp-json\/wp\/v2\/media\/171761"}],"wp:attachment":[{"href":"https:\/\/www.caririemacao.com\/1\/wp-json\/wp\/v2\/media?parent=171760"}],"wp:term":[{"taxonomy":"category","embeddable":true,"href":"https:\/\/www.caririemacao.com\/1\/wp-json\/wp\/v2\/categories?post=171760"},{"taxonomy":"post_tag","embeddable":true,"href":"https:\/\/www.caririemacao.com\/1\/wp-json\/wp\/v2\/tags?post=171760"}],"curies":[{"name":"wp","href":"https:\/\/api.w.org\/{rel}","templated":true}]}}