{"id":171766,"date":"2020-05-28T06:03:53","date_gmt":"2020-05-28T09:03:53","guid":{"rendered":"https:\/\/www.caririemacao.com\/1\/?p=171766"},"modified":"2020-05-28T06:03:53","modified_gmt":"2020-05-28T09:03:53","slug":"em-dez-anos-paraiba-registra-crescimento-de-97-no-numero-de-empresas-que-atuam-na-construcao-civil","status":"publish","type":"post","link":"https:\/\/www.caririemacao.com\/1\/2020\/05\/28\/em-dez-anos-paraiba-registra-crescimento-de-97-no-numero-de-empresas-que-atuam-na-construcao-civil\/","title":{"rendered":"Em dez anos, Para\u00edba registra crescimento de 97% no n\u00famero de empresas que atuam na constru\u00e7\u00e3o civil"},"content":{"rendered":"\n<h1 class=\"wp-block-heading\"><\/h1>\n\n\n\n<p>Os dados da Pesquisa Anual da Ind\u00fastria da Constru\u00e7\u00e3o (PAIC 2018), divulgados nesta quarta-feira (27), mostram que a Para\u00edba cresceu 97,7% na Ind\u00fastria da Constru\u00e7\u00e3o Civil paraibana, com 5 ou mais pessoas ocupadas em 10 anos.&nbsp;<\/p>\n\n\n\n<p>O levantamento retrata as principais caracter\u00edsticas do ramo empresarial, como o valor de incorpora\u00e7\u00f5es, obras e servi\u00e7os de constru\u00e7\u00e3o; receitas, custos e despesas; empregos e sal\u00e1rios; produtos do setor; e distribui\u00e7\u00e3o regional.&nbsp;<\/p>\n\n\n\n<p>A pesquisa indica que, em 2009, havia 576 empresas atuantes, do setor na Para\u00edba, n\u00famero que saltou para 1.139 em 2018. O crescimento percentual no estado foi maior do que o registrado no Brasil, de 33,4%, e na regi\u00e3o Nordeste, de 52,1%.<\/p>\n\n\n\n<p>Nesse mesmo per\u00edodo, tamb\u00e9m houve um crescimento de 27% no n\u00famero de pessoas ocupadas no setor da constru\u00e7\u00e3o na Para\u00edba, que passou de 19.879, em 2009, para 25.250, em 2018. No cen\u00e1rio nacional do ramo, o pessoal ocupado no estado representa 1,5% do total brasileiro.&nbsp;<\/p>\n\n\n\n<p><img decoding=\"async\" data-src=\"https:\/\/lh5.googleusercontent.com\/aONic7c47H1X7KSQLOP-UBhyDDl1ckXIdgJ9KpfGwLHCxaDMZHOWaaYe47nV6ejWybl-3dGerk2xrAB9x8XnaTGajdgDwheI7_RaAaDPSxeaDNvq8ih85lqQ1biNheOhVKaOmVhUVsoaYEUpwQ\" src=\"data:image\/svg+xml;base64,PHN2ZyB3aWR0aD0iMSIgaGVpZ2h0PSIxIiB4bWxucz0iaHR0cDovL3d3dy53My5vcmcvMjAwMC9zdmciPjwvc3ZnPg==\" class=\"lazyload\"><br>Em rela\u00e7\u00e3o ao valor de incorpora\u00e7\u00f5es, obras e servi\u00e7os da constru\u00e7\u00e3o, a Para\u00edba \u00e9 respons\u00e1vel por 1,2% do montante do pa\u00eds, cerca de R$ 2,9 bilh\u00f5es. Na PAIC, esse valor representa a soma dos custos e despesas realizados, no ano, com a propor\u00e7\u00e3o do lucro estimado no or\u00e7amento t\u00e9cnico, correspondente ao que foi efetivamente feito no per\u00edodo analisado.<\/p>\n\n\n\n<p>No Nordeste, a participa\u00e7\u00e3o da Para\u00edba no valor total de incorpora\u00e7\u00e3o, obras ou servi\u00e7os de constru\u00e7\u00e3o cresceu em 10 anos e foi ampliada de 3,7%, em 2009, para 6,2% em 2018. Apesar disso, esse foi a 4\u00ba menor propor\u00e7\u00e3o da regi\u00e3o no \u00faltimo ano pesquisado.<\/p>\n\n\n\n<figure class=\"wp-block-image\"><img decoding=\"async\" data-src=\"https:\/\/lh3.googleusercontent.com\/gndUvBGfKUoQGW2WPIBgTq-Uw-sH7ZqaDR27hCPN5VYjPos67EghJiv36DWCBhZy4hMhCwRIRAlq_vO_4DMO8SByBeNSnAxnQz7UsC17bLzpGAzC2jMDnsobVPxkoXIc96OoTrC2SkmqB1OhNw\" alt=\"\" src=\"data:image\/svg+xml;base64,PHN2ZyB3aWR0aD0iMSIgaGVpZ2h0PSIxIiB4bWxucz0iaHR0cDovL3d3dy53My5vcmcvMjAwMC9zdmciPjwvc3ZnPg==\" class=\"lazyload\" \/><\/figure>\n\n\n\n<p><strong>Crescimento<\/strong><\/p>\n\n\n\n<p>O Nordeste ficou em segundo lugar em termos de contribui\u00e7\u00e3o no valor de incorpora\u00e7\u00f5es, obras e\/ou servi\u00e7os da constru\u00e7\u00e3o com 18,7%, superado apenas pela Regi\u00e3o Sudeste, com 49,2%. A regi\u00e3o nordeste aumentou a participa\u00e7\u00e3o em 1,9 p.p em dez anos.<\/p>\n\n\n\n<p>Em seguida, vem as regi\u00f5es Sul (17,2%), Centro-Oeste (8,7%) e Norte (6,2%). Destaca-se a redu\u00e7\u00e3o da concentra\u00e7\u00e3o do Sudeste em favor da Regi\u00e3o Sul, que apresentou varia\u00e7\u00e3o de 5,2 p.p.<\/p>\n\n\n\n<p>O Sudeste concentrou 48,2% do volume de trabalhadores da constru\u00e7\u00e3o em 2018, ocupando a primeira posi\u00e7\u00e3o neste ranking. Completam a lista, nesta ordem: Nordeste (20,4%), Sul (16,9%), Centro-Oeste (8,3%) e Norte (6,2%). Apenas a regi\u00e3o Sul registrou evolu\u00e7\u00e3o na compara\u00e7\u00e3o com 2009, tendo aumentado a sua participa\u00e7\u00e3o em 3,3 p.p. no per\u00edodo.<\/p>\n","protected":false},"excerpt":{"rendered":"<p>Os dados da Pesquisa Anual da Ind\u00fastria da Constru\u00e7\u00e3o (PAIC 2018), divulgados nesta quarta-feira (27), mostram que a Para\u00edba cresceu 97,7% na Ind\u00fastria da Constru\u00e7\u00e3o&hellip; <\/p>\n","protected":false},"author":2,"featured_media":171767,"comment_status":"closed","ping_status":"closed","sticky":false,"template":"","format":"standard","meta":{"sfsi_plus_gutenberg_text_before_share":"","sfsi_plus_gutenberg_show_text_before_share":"","sfsi_plus_gutenberg_icon_type":"","sfsi_plus_gutenberg_icon_alignemt":"","sfsi_plus_gutenburg_max_per_row":"","footnotes":""},"categories":[2],"tags":[],"class_list":["post-171766","post","type-post","status-publish","format-standard","has-post-thumbnail","hentry","category-geral"],"_links":{"self":[{"href":"https:\/\/www.caririemacao.com\/1\/wp-json\/wp\/v2\/posts\/171766","targetHints":{"allow":["GET"]}}],"collection":[{"href":"https:\/\/www.caririemacao.com\/1\/wp-json\/wp\/v2\/posts"}],"about":[{"href":"https:\/\/www.caririemacao.com\/1\/wp-json\/wp\/v2\/types\/post"}],"author":[{"embeddable":true,"href":"https:\/\/www.caririemacao.com\/1\/wp-json\/wp\/v2\/users\/2"}],"replies":[{"embeddable":true,"href":"https:\/\/www.caririemacao.com\/1\/wp-json\/wp\/v2\/comments?post=171766"}],"version-history":[{"count":1,"href":"https:\/\/www.caririemacao.com\/1\/wp-json\/wp\/v2\/posts\/171766\/revisions"}],"predecessor-version":[{"id":171768,"href":"https:\/\/www.caririemacao.com\/1\/wp-json\/wp\/v2\/posts\/171766\/revisions\/171768"}],"wp:featuredmedia":[{"embeddable":true,"href":"https:\/\/www.caririemacao.com\/1\/wp-json\/wp\/v2\/media\/171767"}],"wp:attachment":[{"href":"https:\/\/www.caririemacao.com\/1\/wp-json\/wp\/v2\/media?parent=171766"}],"wp:term":[{"taxonomy":"category","embeddable":true,"href":"https:\/\/www.caririemacao.com\/1\/wp-json\/wp\/v2\/categories?post=171766"},{"taxonomy":"post_tag","embeddable":true,"href":"https:\/\/www.caririemacao.com\/1\/wp-json\/wp\/v2\/tags?post=171766"}],"curies":[{"name":"wp","href":"https:\/\/api.w.org\/{rel}","templated":true}]}}