{"id":171770,"date":"2020-05-28T06:06:06","date_gmt":"2020-05-28T09:06:06","guid":{"rendered":"https:\/\/www.caririemacao.com\/1\/?p=171770"},"modified":"2020-05-28T06:06:06","modified_gmt":"2020-05-28T09:06:06","slug":"caixa-abrira-sabado-2-200-agencias-veja-calendario-de-pagamento","status":"publish","type":"post","link":"https:\/\/www.caririemacao.com\/1\/2020\/05\/28\/caixa-abrira-sabado-2-200-agencias-veja-calendario-de-pagamento\/","title":{"rendered":"Caixa abrir\u00e1 s\u00e1bado 2.200 ag\u00eancias: veja calend\u00e1rio de pagamento"},"content":{"rendered":"\n<h1 class=\"wp-block-heading\"><\/h1>\n\n\n\n<p>Para conseguir ter acesso ao dinheiro, os benefici\u00e1rios devem ter recebido a primeira parcela at\u00e9 o dia 30 de abril. O hor\u00e1rio de funcionamento das ag\u00eancias ser\u00e1 das 8h \u00e0s 12h.<\/p>\n\n\n\n<p>Esses cidad\u00e3os j\u00e1 tiveram a op\u00e7\u00e3o de movimentar os valores por meio do aplicativo Caixa Tem, fazendo o pagamento de contas e boletos, ou realizando compras digitais em estabelecimentos conveniados.<\/p>\n\n\n\n<p>Agora, no entanto, poder\u00e3o gerar o c\u00f3digo de saque e ir at\u00e9 uma ag\u00eancia, uma lot\u00e9rica ou um correspondente banc\u00e1rio da Caixa para fazer a retirada, ou realizar a transfer\u00eancia para outra conta. Clique aqui para saber como se preparar para o saque.<\/p>\n\n\n\n<p>Quem n\u00e3o fez movimenta\u00e7\u00f5es poder\u00e1 sacar os R$ 600. J\u00e1 os benefici\u00e1rios que usaram parte do valor e deixaram uma quantia poder\u00e3o fazer a retirada do saldo restante.<\/p>\n\n\n\n<p>No caso das m\u00e3es que s\u00e3o chefes de fam\u00edlia, o valor do benef\u00edcio \u00e9 de R$ 1.200 por parcela.<\/p>\n\n\n\n<p>Caso recebam por meio da poupan\u00e7a digital movimentada pelo Caixa Tem, j\u00e1 tiveram a oportunidade de fazer compras e pagar contas. Neste s\u00e1bado, as m\u00e3es nascidas em janeiro podem sacar, caso ainda haja saldo.<\/p>\n\n\n\n<p>\u201cSer\u00e1 um s\u00e1bado bastante importante, pois as pessoas come\u00e7am a ter acesso \u00e0 retirada dos valores\u201d, afirmou Tatiana Thom\u00e9, vice-presidente de governo da Caixa Econ\u00f4mica, em entrevista coletiva nesta quarta-feira (27).<\/p>\n\n\n\n<p><strong>Veja o calend\u00e1rio de saques em dinheiro e transfer\u00eancia<\/strong><\/p>\n\n\n\n<p>Os saques em dinheiro ser\u00e3o permitidos a partir de s\u00e1bado (30 de maio) para trabalhadores informais, contribuintes individuais do INSS e MEIs.<\/p>\n\n\n\n<p>Se sobrou dinheiro na poupan\u00e7a digital, ele ser\u00e1 transferido automaticamente para a conta banc\u00e1ria que o benefici\u00e1rio recebeu a segunda parcela nas datas abaixo:<\/p>\n\n\n\n<p>Data da libera\u00e7\u00e3o\/Nascidos em<br>30 de maio (s\u00e1bado)\/Janeiro<br>1 de junho (segunda)\/Fevereiro<br>2 de junho (ter\u00e7a)\/Mar\u00e7o<br>3 de junho (quarta)\/Abril<br>4 de junho (quinta)\/Maio<br>5 de junho (sexta)\/Junho<br>6 de junho (s\u00e1bado)\/Julho<br>8 de junho (segunda)\/Agosto<br>9 de junho (ter\u00e7a)\/Setembro<br>10 de junho (quarta)\/Outubro<br>12 de junho (sexta)\/Novembro<br>13 de junho (s\u00e1bado)\/Dezembro<\/p>\n","protected":false},"excerpt":{"rendered":"<p>Para conseguir ter acesso ao dinheiro, os benefici\u00e1rios devem ter recebido a primeira parcela at\u00e9 o dia 30 de abril. O hor\u00e1rio de funcionamento das&hellip; <\/p>\n","protected":false},"author":2,"featured_media":171771,"comment_status":"closed","ping_status":"closed","sticky":false,"template":"","format":"standard","meta":{"sfsi_plus_gutenberg_text_before_share":"","sfsi_plus_gutenberg_show_text_before_share":"","sfsi_plus_gutenberg_icon_type":"","sfsi_plus_gutenberg_icon_alignemt":"","sfsi_plus_gutenburg_max_per_row":"","footnotes":""},"categories":[2],"tags":[],"class_list":["post-171770","post","type-post","status-publish","format-standard","has-post-thumbnail","hentry","category-geral"],"_links":{"self":[{"href":"https:\/\/www.caririemacao.com\/1\/wp-json\/wp\/v2\/posts\/171770","targetHints":{"allow":["GET"]}}],"collection":[{"href":"https:\/\/www.caririemacao.com\/1\/wp-json\/wp\/v2\/posts"}],"about":[{"href":"https:\/\/www.caririemacao.com\/1\/wp-json\/wp\/v2\/types\/post"}],"author":[{"embeddable":true,"href":"https:\/\/www.caririemacao.com\/1\/wp-json\/wp\/v2\/users\/2"}],"replies":[{"embeddable":true,"href":"https:\/\/www.caririemacao.com\/1\/wp-json\/wp\/v2\/comments?post=171770"}],"version-history":[{"count":1,"href":"https:\/\/www.caririemacao.com\/1\/wp-json\/wp\/v2\/posts\/171770\/revisions"}],"predecessor-version":[{"id":171772,"href":"https:\/\/www.caririemacao.com\/1\/wp-json\/wp\/v2\/posts\/171770\/revisions\/171772"}],"wp:featuredmedia":[{"embeddable":true,"href":"https:\/\/www.caririemacao.com\/1\/wp-json\/wp\/v2\/media\/171771"}],"wp:attachment":[{"href":"https:\/\/www.caririemacao.com\/1\/wp-json\/wp\/v2\/media?parent=171770"}],"wp:term":[{"taxonomy":"category","embeddable":true,"href":"https:\/\/www.caririemacao.com\/1\/wp-json\/wp\/v2\/categories?post=171770"},{"taxonomy":"post_tag","embeddable":true,"href":"https:\/\/www.caririemacao.com\/1\/wp-json\/wp\/v2\/tags?post=171770"}],"curies":[{"name":"wp","href":"https:\/\/api.w.org\/{rel}","templated":true}]}}