{"id":171778,"date":"2020-05-28T06:09:40","date_gmt":"2020-05-28T09:09:40","guid":{"rendered":"https:\/\/www.caririemacao.com\/1\/?p=171778"},"modified":"2020-05-28T06:09:40","modified_gmt":"2020-05-28T09:09:40","slug":"senado-quer-uma-trava-nos-juros-nos-cartoes-de-credito","status":"publish","type":"post","link":"https:\/\/www.caririemacao.com\/1\/2020\/05\/28\/senado-quer-uma-trava-nos-juros-nos-cartoes-de-credito\/","title":{"rendered":"Senado quer uma \u00b4trava\u00b4 nos juros nos cart\u00f5es de cr\u00e9dito"},"content":{"rendered":"\n<h1 class=\"wp-block-heading\"><\/h1>\n\n\n\n<p>O Senado est\u00e1 debatendo a possibilidade de colocar o que est\u00e1 sendo chamado de uma \u00b4trava\u00b4 nos abusivos juros praticados pelas empresas de cart\u00f5es de cr\u00e9dito.<\/p>\n\n\n\n<p>Uma das sugest\u00f5es em an\u00e1lise \u00e9 fixar como teto mensal o \u00edndice equivalente a duas vezes a taxa Selic (taxa b\u00e1sica do Banco Central) anual, o que no momento equivaleria a 6,09%.<\/p>\n\n\n\n<p>*Com informa\u00e7\u00f5es da coluna Aparte, assinada pelo jornalista Arimat\u00e9a Souza.<\/p>\n","protected":false},"excerpt":{"rendered":"<p>O Senado est\u00e1 debatendo a possibilidade de colocar o que est\u00e1 sendo chamado de uma \u00b4trava\u00b4 nos abusivos juros praticados pelas empresas de cart\u00f5es de&hellip; <\/p>\n","protected":false},"author":2,"featured_media":171779,"comment_status":"closed","ping_status":"closed","sticky":false,"template":"","format":"standard","meta":{"sfsi_plus_gutenberg_text_before_share":"","sfsi_plus_gutenberg_show_text_before_share":"","sfsi_plus_gutenberg_icon_type":"","sfsi_plus_gutenberg_icon_alignemt":"","sfsi_plus_gutenburg_max_per_row":"","footnotes":""},"categories":[2],"tags":[],"class_list":["post-171778","post","type-post","status-publish","format-standard","has-post-thumbnail","hentry","category-geral"],"_links":{"self":[{"href":"https:\/\/www.caririemacao.com\/1\/wp-json\/wp\/v2\/posts\/171778","targetHints":{"allow":["GET"]}}],"collection":[{"href":"https:\/\/www.caririemacao.com\/1\/wp-json\/wp\/v2\/posts"}],"about":[{"href":"https:\/\/www.caririemacao.com\/1\/wp-json\/wp\/v2\/types\/post"}],"author":[{"embeddable":true,"href":"https:\/\/www.caririemacao.com\/1\/wp-json\/wp\/v2\/users\/2"}],"replies":[{"embeddable":true,"href":"https:\/\/www.caririemacao.com\/1\/wp-json\/wp\/v2\/comments?post=171778"}],"version-history":[{"count":1,"href":"https:\/\/www.caririemacao.com\/1\/wp-json\/wp\/v2\/posts\/171778\/revisions"}],"predecessor-version":[{"id":171780,"href":"https:\/\/www.caririemacao.com\/1\/wp-json\/wp\/v2\/posts\/171778\/revisions\/171780"}],"wp:featuredmedia":[{"embeddable":true,"href":"https:\/\/www.caririemacao.com\/1\/wp-json\/wp\/v2\/media\/171779"}],"wp:attachment":[{"href":"https:\/\/www.caririemacao.com\/1\/wp-json\/wp\/v2\/media?parent=171778"}],"wp:term":[{"taxonomy":"category","embeddable":true,"href":"https:\/\/www.caririemacao.com\/1\/wp-json\/wp\/v2\/categories?post=171778"},{"taxonomy":"post_tag","embeddable":true,"href":"https:\/\/www.caririemacao.com\/1\/wp-json\/wp\/v2\/tags?post=171778"}],"curies":[{"name":"wp","href":"https:\/\/api.w.org\/{rel}","templated":true}]}}