{"id":171782,"date":"2020-05-28T06:15:06","date_gmt":"2020-05-28T09:15:06","guid":{"rendered":"https:\/\/www.caririemacao.com\/1\/?p=171782"},"modified":"2020-05-28T06:15:06","modified_gmt":"2020-05-28T09:15:06","slug":"brasil-tem-novamente-mais-de-1-000-novas-mortes-em-apenas-1-dia","status":"publish","type":"post","link":"https:\/\/www.caririemacao.com\/1\/2020\/05\/28\/brasil-tem-novamente-mais-de-1-000-novas-mortes-em-apenas-1-dia\/","title":{"rendered":"Brasil tem novamente mais de 1.000 novas mortes em apenas 1 dia"},"content":{"rendered":"\n<h1 class=\"wp-block-heading\"><\/h1>\n\n\n\n<p>Com isso, o total de \u00f3bitos \u00e9 de 25.598, e de casos confirmados, 411.821.<\/p>\n\n\n\n<p>Foi o segundo maior n\u00famero de novos casos em 24 h registrado nos \u00faltimos tr\u00eas meses \u2013o maior foi na sexta (22), com 20.803. O recorde di\u00e1rio de mortes registradas em um dia \u00e9 da \u00faltima quinta-feira (21), com 1.188 novos \u00f3bitos.<\/p>\n\n\n\n<p>De acordo com a Universidade Johns Hopkins (EUA), o Brasil \u00e9 o segundo pa\u00eds com mais casos da doen\u00e7a. Em n\u00fameros absolutos, fica atr\u00e1s apenas dos Estados Unidos, que t\u00eam 1,6 milh\u00e3o de casos.<\/p>\n\n\n\n<p>Em n\u00famero de mortes, o Brasil \u00e9 o sexto pa\u00eds mais afetado. Os cinco primeiros pa\u00edses com mais mortes s\u00e3o EUA (100 mil), Reino Unido (37 mil), It\u00e1lia (33 mil), Fran\u00e7a (28 mil) e Espanha (27 mil).<\/p>\n\n\n\n<p>Um dos principais modelos utilizados pela Casa Branca para monitorar n\u00fameros sobre o coronav\u00edrus atualizou com piora o cen\u00e1rio no Brasil e projeta mais de 125 mil mortes no pa\u00eds at\u00e9 agosto.<\/p>\n\n\n\n<p>No meio de maio, quando o IHME, instituto de m\u00e9trica da Universidade de Washington, divulgou pela primeira vez dados sobre o Brasil, a previs\u00e3o era de que 88.305 pessoas morressem por Covid-19 at\u00e9 4 de agosto no pa\u00eds.<\/p>\n\n\n\n<p>Na segunda (25), por\u00e9m, ap\u00f3s o crescimento vertiginoso de casos e mortes em territ\u00f3rio brasileiro nas \u00faltimas semanas, e o pa\u00eds ter passado a ser o epicentro da pandemia, de acordo com a OMS (Organiza\u00e7\u00e3o Mundial da Sa\u00fade), o instituto americano tamb\u00e9m atualizou os n\u00fameros para pior.<\/p>\n","protected":false},"excerpt":{"rendered":"<p>Com isso, o total de \u00f3bitos \u00e9 de 25.598, e de casos confirmados, 411.821. Foi o segundo maior n\u00famero de novos casos em 24 h&hellip; <\/p>\n","protected":false},"author":2,"featured_media":171783,"comment_status":"closed","ping_status":"closed","sticky":false,"template":"","format":"standard","meta":{"sfsi_plus_gutenberg_text_before_share":"","sfsi_plus_gutenberg_show_text_before_share":"","sfsi_plus_gutenberg_icon_type":"","sfsi_plus_gutenberg_icon_alignemt":"","sfsi_plus_gutenburg_max_per_row":"","footnotes":""},"categories":[2],"tags":[],"class_list":["post-171782","post","type-post","status-publish","format-standard","has-post-thumbnail","hentry","category-geral"],"_links":{"self":[{"href":"https:\/\/www.caririemacao.com\/1\/wp-json\/wp\/v2\/posts\/171782","targetHints":{"allow":["GET"]}}],"collection":[{"href":"https:\/\/www.caririemacao.com\/1\/wp-json\/wp\/v2\/posts"}],"about":[{"href":"https:\/\/www.caririemacao.com\/1\/wp-json\/wp\/v2\/types\/post"}],"author":[{"embeddable":true,"href":"https:\/\/www.caririemacao.com\/1\/wp-json\/wp\/v2\/users\/2"}],"replies":[{"embeddable":true,"href":"https:\/\/www.caririemacao.com\/1\/wp-json\/wp\/v2\/comments?post=171782"}],"version-history":[{"count":1,"href":"https:\/\/www.caririemacao.com\/1\/wp-json\/wp\/v2\/posts\/171782\/revisions"}],"predecessor-version":[{"id":171784,"href":"https:\/\/www.caririemacao.com\/1\/wp-json\/wp\/v2\/posts\/171782\/revisions\/171784"}],"wp:featuredmedia":[{"embeddable":true,"href":"https:\/\/www.caririemacao.com\/1\/wp-json\/wp\/v2\/media\/171783"}],"wp:attachment":[{"href":"https:\/\/www.caririemacao.com\/1\/wp-json\/wp\/v2\/media?parent=171782"}],"wp:term":[{"taxonomy":"category","embeddable":true,"href":"https:\/\/www.caririemacao.com\/1\/wp-json\/wp\/v2\/categories?post=171782"},{"taxonomy":"post_tag","embeddable":true,"href":"https:\/\/www.caririemacao.com\/1\/wp-json\/wp\/v2\/tags?post=171782"}],"curies":[{"name":"wp","href":"https:\/\/api.w.org\/{rel}","templated":true}]}}