{"id":171786,"date":"2020-05-28T06:17:04","date_gmt":"2020-05-28T09:17:04","guid":{"rendered":"https:\/\/www.caririemacao.com\/1\/?p=171786"},"modified":"2020-05-28T06:17:05","modified_gmt":"2020-05-28T09:17:05","slug":"botafogo-e-fluminense-impugnam-itens-de-decisao-do-conselho-arbitral","status":"publish","type":"post","link":"https:\/\/www.caririemacao.com\/1\/2020\/05\/28\/botafogo-e-fluminense-impugnam-itens-de-decisao-do-conselho-arbitral\/","title":{"rendered":"Botafogo e Fluminense impugnam itens de decis\u00e3o do conselho arbitral"},"content":{"rendered":"\n<h1 class=\"wp-block-heading\"><\/h1>\n\n\n\n<p>A reuni\u00e3o do Conselho Arbitral da S\u00e9rie A do Campeonato Carioca realizada no dia anterior tratou do retorno das atividades e do Estadual. Ambos clubes alegam que havia decis\u00f5es, como a aprova\u00e7\u00e3o da possibilidade de atuar fora do estado, que teriam de ser avalizadas por unanimidade e avan\u00e7aram ap\u00f3s apenas a maioria ser favor\u00e1vel.<\/p>\n\n\n\n<p>As duas equipes asseguram que \u201cmuitas das quest\u00f5es que se pretende levar \u00e0 vota\u00e7\u00e3o passariam, necessariamente, por modifica\u00e7\u00f5es das regras resolvidas no regulamento da Competi\u00e7\u00e3o, o que n\u00e3o cr\u00edvel, t\u00e3o pouco poss\u00edvel a essa altura do campeonato\u201d.<\/p>\n\n\n\n<p>Na declara\u00e7\u00e3o, que tem 31 itens, os clubes ressaltam indica\u00e7\u00f5es de \u00f3rg\u00e3os de sa\u00fade no combate \u00e0 pandemia do novo coronav\u00edrus e afirmam que um \u201cretorno precoce da atividade n\u00e3o essencial traz riscos absolutamente desnecess\u00e1rios \u00e0 vida e a sa\u00fade de atletas, funcion\u00e1rios, seus familiares\u201d.<\/p>\n\n\n\n<p>Em resposta, a Ferj divulgou uma nota em que afirma que o arbitral realizado na segunda (25) ocorreu \u201cdentro dos princ\u00edpios democr\u00e1ticos\u201d e fez pondera\u00e7\u00f5es ao que classificou como \u201cinsurg\u00eancia contra decis\u00e3o colegiada\u201d.<\/p>\n\n\n\n<p>\u201cTodos os itens constantes da pauta possuem fundamenta\u00e7\u00e3o e amparo estatut\u00e1rio e regulamentar. A insurg\u00eancia contra qualquer decis\u00e3o colegiada de que se participe, apesar de contrariar e ofender os princ\u00edpios democr\u00e1ticos em que o acato \u00e0 decis\u00e3o legal da maioria deve prevalecer, muitas vezes induz a uma insatisfa\u00e7\u00e3o, inconsistente e retumbante e a busca de um pretenso direito imagin\u00e1rio, que n\u00e3o se pode coibir ou julgar\u201d, diz trecho.<\/p>\n\n\n\n<p>A Ferj afirma que vai analisar o documento enviado e assinado por Mufarrej e Bittencourt. As diretorias, inclusive, n\u00e3o descartam a possibilidade de acionarem a Justi\u00e7a sobre o caso.<\/p>\n\n\n\n<p>No domingo (24), em reuni\u00e3o realizada entre o prefeito Marcelo Crivella (Republicanos), a Ferj e representantes dos clubes -exceto Botafogo e Fluminense- ficou acertado a volta aos treinos nesta ter\u00e7a e a possibilidade de o Campeonato Carioca ser retomado a partir do dia 14 de junho.<\/p>\n","protected":false},"excerpt":{"rendered":"<p>A reuni\u00e3o do Conselho Arbitral da S\u00e9rie A do Campeonato Carioca realizada no dia anterior tratou do retorno das atividades e do Estadual. Ambos clubes&hellip; <\/p>\n","protected":false},"author":2,"featured_media":171787,"comment_status":"closed","ping_status":"closed","sticky":false,"template":"","format":"standard","meta":{"sfsi_plus_gutenberg_text_before_share":"","sfsi_plus_gutenberg_show_text_before_share":"","sfsi_plus_gutenberg_icon_type":"","sfsi_plus_gutenberg_icon_alignemt":"","sfsi_plus_gutenburg_max_per_row":"","footnotes":""},"categories":[13],"tags":[],"class_list":["post-171786","post","type-post","status-publish","format-standard","has-post-thumbnail","hentry","category-esportes"],"_links":{"self":[{"href":"https:\/\/www.caririemacao.com\/1\/wp-json\/wp\/v2\/posts\/171786","targetHints":{"allow":["GET"]}}],"collection":[{"href":"https:\/\/www.caririemacao.com\/1\/wp-json\/wp\/v2\/posts"}],"about":[{"href":"https:\/\/www.caririemacao.com\/1\/wp-json\/wp\/v2\/types\/post"}],"author":[{"embeddable":true,"href":"https:\/\/www.caririemacao.com\/1\/wp-json\/wp\/v2\/users\/2"}],"replies":[{"embeddable":true,"href":"https:\/\/www.caririemacao.com\/1\/wp-json\/wp\/v2\/comments?post=171786"}],"version-history":[{"count":1,"href":"https:\/\/www.caririemacao.com\/1\/wp-json\/wp\/v2\/posts\/171786\/revisions"}],"predecessor-version":[{"id":171788,"href":"https:\/\/www.caririemacao.com\/1\/wp-json\/wp\/v2\/posts\/171786\/revisions\/171788"}],"wp:featuredmedia":[{"embeddable":true,"href":"https:\/\/www.caririemacao.com\/1\/wp-json\/wp\/v2\/media\/171787"}],"wp:attachment":[{"href":"https:\/\/www.caririemacao.com\/1\/wp-json\/wp\/v2\/media?parent=171786"}],"wp:term":[{"taxonomy":"category","embeddable":true,"href":"https:\/\/www.caririemacao.com\/1\/wp-json\/wp\/v2\/categories?post=171786"},{"taxonomy":"post_tag","embeddable":true,"href":"https:\/\/www.caririemacao.com\/1\/wp-json\/wp\/v2\/tags?post=171786"}],"curies":[{"name":"wp","href":"https:\/\/api.w.org\/{rel}","templated":true}]}}