{"id":171790,"date":"2020-05-28T06:19:02","date_gmt":"2020-05-28T09:19:02","guid":{"rendered":"https:\/\/www.caririemacao.com\/1\/?p=171790"},"modified":"2020-05-28T06:19:02","modified_gmt":"2020-05-28T09:19:02","slug":"medicos-tem-autonomia-para-prescrever-hidroxicloroquina-na-paraiba-diz-secretario","status":"publish","type":"post","link":"https:\/\/www.caririemacao.com\/1\/2020\/05\/28\/medicos-tem-autonomia-para-prescrever-hidroxicloroquina-na-paraiba-diz-secretario\/","title":{"rendered":"M\u00e9dicos t\u00eam autonomia para prescrever hidroxicloroquina na Para\u00edba, diz secret\u00e1rio"},"content":{"rendered":"\n<h1 class=\"wp-block-heading\"><\/h1>\n\n\n\n<p>O secret\u00e1rio de Sa\u00fade do estado da Para\u00edba, Geraldo Medeiros, falou nesta quarta-feira (27) sobre o uso da hidroxicloroquina.<\/p>\n\n\n\n<p>O Minist\u00e9rio da Sa\u00fade divulgou&nbsp; as orienta\u00e7\u00f5es para ampliar o acesso de pacientes com Covid-19 ao tratamento com hidroxicloroquina nos primeiros dias de sintomas, no \u00e2mbito do Sistema \u00danico de Sa\u00fade (SUS).<\/p>\n\n\n\n<p>Medeiros informou, durante entrevista concedida a uma emissora de r\u00e1dio campinense, que o governo estadual n\u00e3o recomenda o uso de hidroxicloroquina no tratamento de pacientes infectados com a Covid-19.<\/p>\n\n\n\n<p>\u2013 A secretaria n\u00e3o recomenda a utiliza\u00e7\u00e3o de hidroxicloroquina em fun\u00e7\u00e3o de m\u00faltiplos estudos, no mundo inteiro, que n\u00e3o identificam a efetividade da cloroquina. Tivemos o \u00faltimo trabalho com 96 mil pacientes analisados em 400 hospitais do mundo inteiro. Este trabalho mostrou que os pacientes que usaram a hidroxicloroquina ou cloroquina apresentaram uma taxa de mortalidade mais elevada e de eventos adversos tamb\u00e9m \u2013 disse.<\/p>\n\n\n\n<p>Al\u00e9m disso, Geraldo comentou a ado\u00e7\u00e3o pela Prefeitura de Campina Grande do protocolo que autoriza o uso da hidroxicloroquina em pacientes em est\u00e1gios iniciais da Covid-19.<\/p>\n\n\n\n<p>\u2013 A Prefeitura tem a prerrogativa e autonomia de adotar qualquer medida. O m\u00e9dico tem tamb\u00e9m a autonomia e prerrogativa de prescrever a hidroxicloroquina, desde que ele tenha o CRM e poder\u00e1 responder por algum evento adverso. N\u00e3o h\u00e1 como a Secretaria Estadual de Sa\u00fade interferir na prescri\u00e7\u00e3o do m\u00e9dico, o m\u00e9dico tem toda a autonomia de prescrever \u2013 esclareceu.<\/p>\n\n\n\n<p>Recentemente, a Organiza\u00e7\u00e3o Mundial da Sa\u00fade (OMS) anunciou que vai suspender os estudos com a hidroxicloroquina e reavaliar sua seguran\u00e7a antes de retom\u00e1-los.<\/p>\n","protected":false},"excerpt":{"rendered":"<p>O secret\u00e1rio de Sa\u00fade do estado da Para\u00edba, Geraldo Medeiros, falou nesta quarta-feira (27) sobre o uso da hidroxicloroquina. O Minist\u00e9rio da Sa\u00fade divulgou&nbsp; as&hellip; <\/p>\n","protected":false},"author":2,"featured_media":171791,"comment_status":"closed","ping_status":"closed","sticky":false,"template":"","format":"standard","meta":{"sfsi_plus_gutenberg_text_before_share":"","sfsi_plus_gutenberg_show_text_before_share":"","sfsi_plus_gutenberg_icon_type":"","sfsi_plus_gutenberg_icon_alignemt":"","sfsi_plus_gutenburg_max_per_row":"","footnotes":""},"categories":[2],"tags":[],"class_list":["post-171790","post","type-post","status-publish","format-standard","has-post-thumbnail","hentry","category-geral"],"_links":{"self":[{"href":"https:\/\/www.caririemacao.com\/1\/wp-json\/wp\/v2\/posts\/171790","targetHints":{"allow":["GET"]}}],"collection":[{"href":"https:\/\/www.caririemacao.com\/1\/wp-json\/wp\/v2\/posts"}],"about":[{"href":"https:\/\/www.caririemacao.com\/1\/wp-json\/wp\/v2\/types\/post"}],"author":[{"embeddable":true,"href":"https:\/\/www.caririemacao.com\/1\/wp-json\/wp\/v2\/users\/2"}],"replies":[{"embeddable":true,"href":"https:\/\/www.caririemacao.com\/1\/wp-json\/wp\/v2\/comments?post=171790"}],"version-history":[{"count":1,"href":"https:\/\/www.caririemacao.com\/1\/wp-json\/wp\/v2\/posts\/171790\/revisions"}],"predecessor-version":[{"id":171792,"href":"https:\/\/www.caririemacao.com\/1\/wp-json\/wp\/v2\/posts\/171790\/revisions\/171792"}],"wp:featuredmedia":[{"embeddable":true,"href":"https:\/\/www.caririemacao.com\/1\/wp-json\/wp\/v2\/media\/171791"}],"wp:attachment":[{"href":"https:\/\/www.caririemacao.com\/1\/wp-json\/wp\/v2\/media?parent=171790"}],"wp:term":[{"taxonomy":"category","embeddable":true,"href":"https:\/\/www.caririemacao.com\/1\/wp-json\/wp\/v2\/categories?post=171790"},{"taxonomy":"post_tag","embeddable":true,"href":"https:\/\/www.caririemacao.com\/1\/wp-json\/wp\/v2\/tags?post=171790"}],"curies":[{"name":"wp","href":"https:\/\/api.w.org\/{rel}","templated":true}]}}