{"id":171794,"date":"2020-05-28T06:21:33","date_gmt":"2020-05-28T09:21:33","guid":{"rendered":"https:\/\/www.caririemacao.com\/1\/?p=171794"},"modified":"2020-05-28T06:21:33","modified_gmt":"2020-05-28T09:21:33","slug":"adriano-galdino-diz-que-derrubara-veto-e-vai-promulgar-lei-que-preve-desconto-em-mensalidades-de-escolas-e-faculdades-durante-pandemia","status":"publish","type":"post","link":"https:\/\/www.caririemacao.com\/1\/2020\/05\/28\/adriano-galdino-diz-que-derrubara-veto-e-vai-promulgar-lei-que-preve-desconto-em-mensalidades-de-escolas-e-faculdades-durante-pandemia\/","title":{"rendered":"Adriano Galdino diz que derrubar\u00e1 veto e vai promulgar lei que prev\u00ea desconto em mensalidades de escolas e faculdades durante pandemia"},"content":{"rendered":"\n<h1 class=\"wp-block-heading\"><\/h1>\n\n\n\n<p>O presidente da Assembleia Legislativa da Para\u00edba, deputado Adriano Galdino, disse que vai buscar derrubar o veto, caso o governador Jo\u00e3o Azev\u00eado decida vetar o Projeto de Lei 1.696\/2020. O PL trata da redu\u00e7\u00e3o das mensalidades de escolas e faculdades particulares, enquanto as aulas presenciais estiverem suspensas devido a pandemia do novo coronav\u00edrus.<\/p>\n\n\n\n<p>Em entrevista nesta quarta-feira (27) ao Arapuan Verdade, da r\u00e1dio Arapuan FM, Adriano Galdino declarou que se o governador vetar o projeto, ele vai buscar juntar votos para derrubar o veto e promulgar a lei.<\/p>\n\n\n\n<p>&#8220;Para justificar o veto e afirmar que os projetos s\u00e3o inconstitucionais, o governador se vale do Direito Civil, mas para mim o mais importante \u00e9 o direito do consumidor que n\u00e3o est\u00e1 tendo condi\u00e7\u00f5es de saldar d\u00e9bitos porque est\u00e1 sem trabalhar devido a essa pandemia&#8221;, argumentou Adriano Galdino.<\/p>\n\n\n\n<p>Na edi\u00e7\u00e3o de hoje do programa, o jornalista Lu\u00eds Torres adiantou que ouviu uma fonte no Governo do Estado que sinalizou que o governador Jo\u00e3o Azev\u00eado deve vetar a lei que prev\u00ea descontos nas mensalidades em escolas e faculdades particulares durante a pandemia do novo coronav\u00edrus.<\/p>\n\n\n\n<p>A Assembleia Legislativa da Para\u00edba aprovou o PL por maioria, no dia 6 de maio. O projeto, de autoria dos deputados Adriano Galdino, Estela Bezerra, Lindolfo Pires e Ricardo Barbosa, foi aprovado por maioria dos deputados presentes com os votos contr\u00e1rios dos deputados Walber Virgolino, Cabo Gilberto, Cida Ramos, Camila Toscano, Dr. \u00c9rico, Edmilson&nbsp; Soares, Eduardo Carneiro, Felipe Leit\u00e3o e Raniery Paulino.<\/p>\n","protected":false},"excerpt":{"rendered":"<p>O presidente da Assembleia Legislativa da Para\u00edba, deputado Adriano Galdino, disse que vai buscar derrubar o veto, caso o governador Jo\u00e3o Azev\u00eado decida vetar o&hellip; <\/p>\n","protected":false},"author":2,"featured_media":171795,"comment_status":"closed","ping_status":"closed","sticky":false,"template":"","format":"standard","meta":{"sfsi_plus_gutenberg_text_before_share":"","sfsi_plus_gutenberg_show_text_before_share":"","sfsi_plus_gutenberg_icon_type":"","sfsi_plus_gutenberg_icon_alignemt":"","sfsi_plus_gutenburg_max_per_row":"","footnotes":""},"categories":[2],"tags":[],"class_list":["post-171794","post","type-post","status-publish","format-standard","has-post-thumbnail","hentry","category-geral"],"_links":{"self":[{"href":"https:\/\/www.caririemacao.com\/1\/wp-json\/wp\/v2\/posts\/171794","targetHints":{"allow":["GET"]}}],"collection":[{"href":"https:\/\/www.caririemacao.com\/1\/wp-json\/wp\/v2\/posts"}],"about":[{"href":"https:\/\/www.caririemacao.com\/1\/wp-json\/wp\/v2\/types\/post"}],"author":[{"embeddable":true,"href":"https:\/\/www.caririemacao.com\/1\/wp-json\/wp\/v2\/users\/2"}],"replies":[{"embeddable":true,"href":"https:\/\/www.caririemacao.com\/1\/wp-json\/wp\/v2\/comments?post=171794"}],"version-history":[{"count":1,"href":"https:\/\/www.caririemacao.com\/1\/wp-json\/wp\/v2\/posts\/171794\/revisions"}],"predecessor-version":[{"id":171796,"href":"https:\/\/www.caririemacao.com\/1\/wp-json\/wp\/v2\/posts\/171794\/revisions\/171796"}],"wp:featuredmedia":[{"embeddable":true,"href":"https:\/\/www.caririemacao.com\/1\/wp-json\/wp\/v2\/media\/171795"}],"wp:attachment":[{"href":"https:\/\/www.caririemacao.com\/1\/wp-json\/wp\/v2\/media?parent=171794"}],"wp:term":[{"taxonomy":"category","embeddable":true,"href":"https:\/\/www.caririemacao.com\/1\/wp-json\/wp\/v2\/categories?post=171794"},{"taxonomy":"post_tag","embeddable":true,"href":"https:\/\/www.caririemacao.com\/1\/wp-json\/wp\/v2\/tags?post=171794"}],"curies":[{"name":"wp","href":"https:\/\/api.w.org\/{rel}","templated":true}]}}