{"id":171798,"date":"2020-05-28T07:06:42","date_gmt":"2020-05-28T10:06:42","guid":{"rendered":"https:\/\/www.caririemacao.com\/1\/?p=171798"},"modified":"2020-05-28T07:06:42","modified_gmt":"2020-05-28T10:06:42","slug":"prefeitura-municipal-de-ouro-velho-divulga-boletim-epidemiologico-atualizado-do-novo-coronavirus","status":"publish","type":"post","link":"https:\/\/www.caririemacao.com\/1\/2020\/05\/28\/prefeitura-municipal-de-ouro-velho-divulga-boletim-epidemiologico-atualizado-do-novo-coronavirus\/","title":{"rendered":"Prefeitura Municipal de Ouro Velho divulga boletim epidemiol\u00f3gico atualizado do novo coronav\u00edrus"},"content":{"rendered":"\n<p>A Secretaria Municipal de Sa\u00fade de Ouro Velho, na regi\u00e3o do cariri paraibano, divulgou nesta quarta feira(27) o boletim epidemiol\u00f3gico atualizado do novo coronav\u00edrus sem novos casos para o munic\u00edpio. De acordo com informa\u00e7\u00f5es, apenas\u00a0<strong>33<\/strong>\u00a0pessoas est\u00e3o em isolamento domiciliar monitoradas,\u00a0<strong>51<\/strong>\u00a0pessoas com monitoramento conclu\u00eddo,\u00a0<strong>01<\/strong>\u00a0pessoa em investiga\u00e7\u00e3o,<strong>\u00a015<\/strong>\u00a0descartados,\u00a0<strong>01<\/strong>\u00a0descartado SWAB,\u00a0<strong>14<\/strong>\u00a0pessoas com testes r\u00e1pidos descartados ap\u00f3s 14 dias,\u00a0<strong>01<\/strong>\u00a0caso confirmado,\u00a0<strong>nenhum<\/strong>\u00a0recuperado e<strong>\u00a0nenhum<\/strong>\u00a0\u00f3bito.\u00a0<\/p>\n\n\n\n<p><br>A administra\u00e7\u00e3o municipal recomenda para que a popula\u00e7\u00e3o cumpra as recomenda\u00e7\u00f5es sanit\u00e1rias e evite aglomera\u00e7\u00f5es.<\/p>\n\n\n\n<p><br>Para a Secretaria de Sa\u00fade do munic\u00edpio Liudmila Nunes a preven\u00e7\u00e3o deve ser constante por todos. Estamos passando por um per\u00edodo dif\u00edcil, onde temos que abrir m\u00e3o de muito do nossos h\u00e1bitos e costumes em raz\u00e3o de um objetivo maior, que \u00e9 conter a dissemina\u00e7\u00e3o dessa doen\u00e7a. Esperamos contar com a colabora\u00e7\u00e3o de todos.<\/p>\n\n\n\n<p><br>A Prefeita Nat\u00e1lia de Dr. J\u00fanior mais uma vez faz um apelo a popula\u00e7\u00e3o que continue em casa, para seguran\u00e7a sua, da sua fam\u00edlia e de todos. Vamos vencer a luta com a participa\u00e7\u00e3o de todos.\u00a0\u00a0<\/p>\n\n\n\n<p>Situa\u00e7\u00e3o da Para\u00edba<\/p>\n\n\n\n<p><br>Atualmente, o Estado da Para\u00edba conta com\u00a0<strong>10. 209<\/strong>\u00a0(dez mil, duzentos e nove) casos confirmados e\u00a0<strong>298<\/strong>\u00a0(duzentos e noventa e oito) \u00f3bitos.<\/p>\n\n\n\n<p><br>Blog do Poeta Teixeirinha.<\/p>\n","protected":false},"excerpt":{"rendered":"<p>A Secretaria Municipal de Sa\u00fade de Ouro Velho, na regi\u00e3o do cariri paraibano, divulgou nesta quarta feira(27) o boletim epidemiol\u00f3gico atualizado do novo coronav\u00edrus sem&hellip; <\/p>\n","protected":false},"author":2,"featured_media":171799,"comment_status":"closed","ping_status":"closed","sticky":false,"template":"","format":"standard","meta":{"sfsi_plus_gutenberg_text_before_share":"","sfsi_plus_gutenberg_show_text_before_share":"","sfsi_plus_gutenberg_icon_type":"","sfsi_plus_gutenberg_icon_alignemt":"","sfsi_plus_gutenburg_max_per_row":"","footnotes":""},"categories":[6],"tags":[],"class_list":["post-171798","post","type-post","status-publish","format-standard","has-post-thumbnail","hentry","category-cidades"],"_links":{"self":[{"href":"https:\/\/www.caririemacao.com\/1\/wp-json\/wp\/v2\/posts\/171798","targetHints":{"allow":["GET"]}}],"collection":[{"href":"https:\/\/www.caririemacao.com\/1\/wp-json\/wp\/v2\/posts"}],"about":[{"href":"https:\/\/www.caririemacao.com\/1\/wp-json\/wp\/v2\/types\/post"}],"author":[{"embeddable":true,"href":"https:\/\/www.caririemacao.com\/1\/wp-json\/wp\/v2\/users\/2"}],"replies":[{"embeddable":true,"href":"https:\/\/www.caririemacao.com\/1\/wp-json\/wp\/v2\/comments?post=171798"}],"version-history":[{"count":1,"href":"https:\/\/www.caririemacao.com\/1\/wp-json\/wp\/v2\/posts\/171798\/revisions"}],"predecessor-version":[{"id":171800,"href":"https:\/\/www.caririemacao.com\/1\/wp-json\/wp\/v2\/posts\/171798\/revisions\/171800"}],"wp:featuredmedia":[{"embeddable":true,"href":"https:\/\/www.caririemacao.com\/1\/wp-json\/wp\/v2\/media\/171799"}],"wp:attachment":[{"href":"https:\/\/www.caririemacao.com\/1\/wp-json\/wp\/v2\/media?parent=171798"}],"wp:term":[{"taxonomy":"category","embeddable":true,"href":"https:\/\/www.caririemacao.com\/1\/wp-json\/wp\/v2\/categories?post=171798"},{"taxonomy":"post_tag","embeddable":true,"href":"https:\/\/www.caririemacao.com\/1\/wp-json\/wp\/v2\/tags?post=171798"}],"curies":[{"name":"wp","href":"https:\/\/api.w.org\/{rel}","templated":true}]}}