{"id":171806,"date":"2020-05-28T07:12:38","date_gmt":"2020-05-28T10:12:38","guid":{"rendered":"https:\/\/www.caririemacao.com\/1\/?p=171806"},"modified":"2020-05-28T07:12:38","modified_gmt":"2020-05-28T10:12:38","slug":"prefeitura-divulga-boletim-epidemiologico-do-novo-coronavirus-em-prata","status":"publish","type":"post","link":"https:\/\/www.caririemacao.com\/1\/2020\/05\/28\/prefeitura-divulga-boletim-epidemiologico-do-novo-coronavirus-em-prata\/","title":{"rendered":"Prefeitura divulga boletim epidemiol\u00f3gico do novo coronav\u00edrus em Prata"},"content":{"rendered":"\n<p>A Prefeitura Municipal de Prata, por meio da Secretaria Municipal de Sa\u00fade, divulgou nesta quarta feira(27) o boletim atualizado do novo coronav\u00edrus no munic\u00edpio.<\/p>\n\n\n\n<p><br>A Secretaria de Sa\u00fade mostra que 78 pessoas est\u00e3o em quarentena domiciliar monitorada, 06 pessoas em isolamento\u00a0 com s\u00edngripal ipal. <\/p>\n\n\n\n<p>Nenhuma pessoa com casos de s\u00edndrome gripal descartados, 02 casos em investiga\u00e7\u00e3o, 03 casos de Covid-19 descartados e 01 caso confirmado.<\/p>\n\n\n\n<p><br>A Secretaria Municipal de Sa\u00fade disse que a luta continua e pede a popula\u00e7\u00e3o que permane\u00e7a em casa, o isolamento social \u00e9 a maneira eficaz para conter o cont\u00e1gio do coronav\u00edrus.<\/p>\n\n\n\n<p><br>Blog do Poeta Teixeirinha.<\/p>\n","protected":false},"excerpt":{"rendered":"<p>A Prefeitura Municipal de Prata, por meio da Secretaria Municipal de Sa\u00fade, divulgou nesta quarta feira(27) o boletim atualizado do novo coronav\u00edrus no munic\u00edpio. A&hellip; <\/p>\n","protected":false},"author":2,"featured_media":171808,"comment_status":"closed","ping_status":"closed","sticky":false,"template":"","format":"standard","meta":{"sfsi_plus_gutenberg_text_before_share":"","sfsi_plus_gutenberg_show_text_before_share":"","sfsi_plus_gutenberg_icon_type":"","sfsi_plus_gutenberg_icon_alignemt":"","sfsi_plus_gutenburg_max_per_row":"","footnotes":""},"categories":[2],"tags":[],"class_list":["post-171806","post","type-post","status-publish","format-standard","has-post-thumbnail","hentry","category-geral"],"_links":{"self":[{"href":"https:\/\/www.caririemacao.com\/1\/wp-json\/wp\/v2\/posts\/171806","targetHints":{"allow":["GET"]}}],"collection":[{"href":"https:\/\/www.caririemacao.com\/1\/wp-json\/wp\/v2\/posts"}],"about":[{"href":"https:\/\/www.caririemacao.com\/1\/wp-json\/wp\/v2\/types\/post"}],"author":[{"embeddable":true,"href":"https:\/\/www.caririemacao.com\/1\/wp-json\/wp\/v2\/users\/2"}],"replies":[{"embeddable":true,"href":"https:\/\/www.caririemacao.com\/1\/wp-json\/wp\/v2\/comments?post=171806"}],"version-history":[{"count":1,"href":"https:\/\/www.caririemacao.com\/1\/wp-json\/wp\/v2\/posts\/171806\/revisions"}],"predecessor-version":[{"id":171807,"href":"https:\/\/www.caririemacao.com\/1\/wp-json\/wp\/v2\/posts\/171806\/revisions\/171807"}],"wp:featuredmedia":[{"embeddable":true,"href":"https:\/\/www.caririemacao.com\/1\/wp-json\/wp\/v2\/media\/171808"}],"wp:attachment":[{"href":"https:\/\/www.caririemacao.com\/1\/wp-json\/wp\/v2\/media?parent=171806"}],"wp:term":[{"taxonomy":"category","embeddable":true,"href":"https:\/\/www.caririemacao.com\/1\/wp-json\/wp\/v2\/categories?post=171806"},{"taxonomy":"post_tag","embeddable":true,"href":"https:\/\/www.caririemacao.com\/1\/wp-json\/wp\/v2\/tags?post=171806"}],"curies":[{"name":"wp","href":"https:\/\/api.w.org\/{rel}","templated":true}]}}