{"id":171810,"date":"2020-05-28T07:16:41","date_gmt":"2020-05-28T10:16:41","guid":{"rendered":"https:\/\/www.caririemacao.com\/1\/?p=171810"},"modified":"2020-05-28T07:16:41","modified_gmt":"2020-05-28T10:16:41","slug":"jatauba-mais-02-casos-sao-confirmados-nas-ultimas-24-horas-ao-todo-o-municipio-contabiliza-54-casos","status":"publish","type":"post","link":"https:\/\/www.caririemacao.com\/1\/2020\/05\/28\/jatauba-mais-02-casos-sao-confirmados-nas-ultimas-24-horas-ao-todo-o-municipio-contabiliza-54-casos\/","title":{"rendered":"Jata\u00faba &#8211; Mais 02 casos s\u00e3o confirmados nas \u00faltimas 24 horas. Ao todo o munic\u00edpio contabiliza 54 casos"},"content":{"rendered":"\n<p>A Prefeitura de Jata\u00faba, atrav\u00e9s da Secretaria Municipal de Sa\u00fade, informa nesta quarta-feira (27\/05), que nas \u00faltimas 24 horas, foram confirmados 02 novos casos da Covid-19 no munic\u00edpio, sendo 01 homem (36 anos de idade) e 01 mulher (29 anos de idade) e 06 casos suspeitos foram descartados.<\/p>\n\n\n\n<p>Com a atualiza\u00e7\u00e3o, o munic\u00edpio tem atualmente 41 pacientes ainda com a covid-19; Destes, 38 pacientes est\u00e3o em monitoramento cumprindo quarentena domiciliar, 01 paciente internado em hospital de refer\u00eancia e 02 pacientes internados nos leitos de retaguarda no munic\u00edpio, 02 \u00f3bitos foram registrados durante a pandemia. 11 pacientes j\u00e1 est\u00e3o recuperados.<\/p>\n\n\n\n<p>O Munic\u00edpio confirmou at\u00e9 hoje, 54 casos da doen\u00e7a, com 11 curas e 03 casos est\u00e3o em investiga\u00e7\u00e3o.<\/p>\n\n\n\n<p>Em rela\u00e7\u00e3o as S\u00edndromes Gripais, 18 pessoas encontram-se em monitoramento, j\u00e1 outras 47 pessoas conclu\u00edram o monitoramento e est\u00e3o recuperadas.<\/p>\n\n\n\n<p>Seguimos orientando nossa popula\u00e7\u00e3o a ficar em casa, infectados e n\u00e3o-infectados, s\u00f3 sair se for de extrema necessidade e ao sair n\u00e3o esquecer o uso da m\u00e1scara e sempre fazer a higieniza\u00e7\u00e3o das m\u00e3os, a luta \u00e9 de todos, juntos venceremos o v\u00edrus.<\/p>\n\n\n\n<figure class=\"wp-block-image\"><a href=\"https:\/\/1.bp.blogspot.com\/-B3ekIfIanDs\/Xs7W0MpaqUI\/AAAAAAAAKj4\/8eKsIEF5bz8uLbNk43bfScWQ9as_TWYLQCK4BGAsYHg\/WhatsApp%2BImage%2B2020-05-27%2Bat%2B18.00.11.jpeg\"><img decoding=\"async\" data-src=\"https:\/\/1.bp.blogspot.com\/-B3ekIfIanDs\/Xs7W0MpaqUI\/AAAAAAAAKj4\/8eKsIEF5bz8uLbNk43bfScWQ9as_TWYLQCK4BGAsYHg\/w640-h640\/WhatsApp%2BImage%2B2020-05-27%2Bat%2B18.00.11.jpeg\" alt=\"\" src=\"data:image\/svg+xml;base64,PHN2ZyB3aWR0aD0iMSIgaGVpZ2h0PSIxIiB4bWxucz0iaHR0cDovL3d3dy53My5vcmcvMjAwMC9zdmciPjwvc3ZnPg==\" class=\"lazyload\" \/><\/a><\/figure>\n\n\n\n<figure class=\"wp-block-image\"><a href=\"https:\/\/1.bp.blogspot.com\/--LaUSPJU4YM\/Xs7W1IgdxKI\/AAAAAAAAKj8\/fKKc9o4S6HUmbmIjHZuRjiupbuU6u4GnwCK4BGAsYHg\/WhatsApp%2BImage%2B2020-05-27%2Bat%2B18.00.12.jpeg\"><img decoding=\"async\" data-src=\"https:\/\/1.bp.blogspot.com\/--LaUSPJU4YM\/Xs7W1IgdxKI\/AAAAAAAAKj8\/fKKc9o4S6HUmbmIjHZuRjiupbuU6u4GnwCK4BGAsYHg\/w640-h640\/WhatsApp%2BImage%2B2020-05-27%2Bat%2B18.00.12.jpeg\" alt=\"\" src=\"data:image\/svg+xml;base64,PHN2ZyB3aWR0aD0iMSIgaGVpZ2h0PSIxIiB4bWxucz0iaHR0cDovL3d3dy53My5vcmcvMjAwMC9zdmciPjwvc3ZnPg==\" class=\"lazyload\" \/><\/a><\/figure>\n\n\n\n<p>Secretaria Municipal de Sa\u00fade<\/p>\n\n\n\n<p>Prefeitura de Jata\u00faba<\/p>\n\n\n\n<p>Governando com o povo<\/p>\n","protected":false},"excerpt":{"rendered":"<p>A Prefeitura de Jata\u00faba, atrav\u00e9s da Secretaria Municipal de Sa\u00fade, informa nesta quarta-feira (27\/05), que nas \u00faltimas 24 horas, foram confirmados 02 novos casos da&hellip; <\/p>\n","protected":false},"author":2,"featured_media":171811,"comment_status":"closed","ping_status":"closed","sticky":false,"template":"","format":"standard","meta":{"sfsi_plus_gutenberg_text_before_share":"","sfsi_plus_gutenberg_show_text_before_share":"","sfsi_plus_gutenberg_icon_type":"","sfsi_plus_gutenberg_icon_alignemt":"","sfsi_plus_gutenburg_max_per_row":"","footnotes":""},"categories":[6],"tags":[],"class_list":["post-171810","post","type-post","status-publish","format-standard","has-post-thumbnail","hentry","category-cidades"],"_links":{"self":[{"href":"https:\/\/www.caririemacao.com\/1\/wp-json\/wp\/v2\/posts\/171810","targetHints":{"allow":["GET"]}}],"collection":[{"href":"https:\/\/www.caririemacao.com\/1\/wp-json\/wp\/v2\/posts"}],"about":[{"href":"https:\/\/www.caririemacao.com\/1\/wp-json\/wp\/v2\/types\/post"}],"author":[{"embeddable":true,"href":"https:\/\/www.caririemacao.com\/1\/wp-json\/wp\/v2\/users\/2"}],"replies":[{"embeddable":true,"href":"https:\/\/www.caririemacao.com\/1\/wp-json\/wp\/v2\/comments?post=171810"}],"version-history":[{"count":1,"href":"https:\/\/www.caririemacao.com\/1\/wp-json\/wp\/v2\/posts\/171810\/revisions"}],"predecessor-version":[{"id":171812,"href":"https:\/\/www.caririemacao.com\/1\/wp-json\/wp\/v2\/posts\/171810\/revisions\/171812"}],"wp:featuredmedia":[{"embeddable":true,"href":"https:\/\/www.caririemacao.com\/1\/wp-json\/wp\/v2\/media\/171811"}],"wp:attachment":[{"href":"https:\/\/www.caririemacao.com\/1\/wp-json\/wp\/v2\/media?parent=171810"}],"wp:term":[{"taxonomy":"category","embeddable":true,"href":"https:\/\/www.caririemacao.com\/1\/wp-json\/wp\/v2\/categories?post=171810"},{"taxonomy":"post_tag","embeddable":true,"href":"https:\/\/www.caririemacao.com\/1\/wp-json\/wp\/v2\/tags?post=171810"}],"curies":[{"name":"wp","href":"https:\/\/api.w.org\/{rel}","templated":true}]}}