{"id":171814,"date":"2020-05-28T07:20:04","date_gmt":"2020-05-28T10:20:04","guid":{"rendered":"https:\/\/www.caririemacao.com\/1\/?p=171814"},"modified":"2020-05-28T07:20:04","modified_gmt":"2020-05-28T10:20:04","slug":"monteiro-conta-com-mais-tres-pacientes-recuperados-de-covid-19","status":"publish","type":"post","link":"https:\/\/www.caririemacao.com\/1\/2020\/05\/28\/monteiro-conta-com-mais-tres-pacientes-recuperados-de-covid-19\/","title":{"rendered":"Monteiro conta com mais tr\u00eas pacientes recuperados de Covid-19"},"content":{"rendered":"\n<p>Nota atualizada em 27\/05\/2020A Secretaria Municipal de Sa\u00fade de Monteiro informa que nesta quarta-feira, 27, n\u00e3o testou nenhum caso positivo e registrou a RECUPERA\u00c7\u00c3O\u00a0 de 03 (tr\u00eas) pacientes que\u00a0 haviam testados positivos para o COVID \u2013 19, totalizando at\u00e9 esta data 12 (doze) pacientes recuperados. <\/p>\n\n\n\n<p>Estes pacientes estavam cumprindo a quarentena em isolamento domiciliar sob vigil\u00e2ncia dos \u00f3rg\u00e3os de sa\u00fade municipal.<\/p>\n\n\n\n<p>Refor\u00e7amos a import\u00e2ncia de toda popula\u00e7\u00e3o seguir as orienta\u00e7\u00f5es do distanciamento social, o uso de m\u00e1scaras, a higieniza\u00e7\u00e3o das m\u00e3os com \u00e1lcool 70% e demais medidas apresentadas pela Secretaria de Sa\u00fade<\/p>\n","protected":false},"excerpt":{"rendered":"<p>Nota atualizada em 27\/05\/2020A Secretaria Municipal de Sa\u00fade de Monteiro informa que nesta quarta-feira, 27, n\u00e3o testou nenhum caso positivo e registrou a RECUPERA\u00c7\u00c3O\u00a0 de&hellip; <\/p>\n","protected":false},"author":2,"featured_media":170821,"comment_status":"closed","ping_status":"closed","sticky":false,"template":"","format":"standard","meta":{"sfsi_plus_gutenberg_text_before_share":"","sfsi_plus_gutenberg_show_text_before_share":"","sfsi_plus_gutenberg_icon_type":"","sfsi_plus_gutenberg_icon_alignemt":"","sfsi_plus_gutenburg_max_per_row":"","footnotes":""},"categories":[50,2],"tags":[],"class_list":["post-171814","post","type-post","status-publish","format-standard","has-post-thumbnail","hentry","category-destaque","category-geral"],"_links":{"self":[{"href":"https:\/\/www.caririemacao.com\/1\/wp-json\/wp\/v2\/posts\/171814","targetHints":{"allow":["GET"]}}],"collection":[{"href":"https:\/\/www.caririemacao.com\/1\/wp-json\/wp\/v2\/posts"}],"about":[{"href":"https:\/\/www.caririemacao.com\/1\/wp-json\/wp\/v2\/types\/post"}],"author":[{"embeddable":true,"href":"https:\/\/www.caririemacao.com\/1\/wp-json\/wp\/v2\/users\/2"}],"replies":[{"embeddable":true,"href":"https:\/\/www.caririemacao.com\/1\/wp-json\/wp\/v2\/comments?post=171814"}],"version-history":[{"count":1,"href":"https:\/\/www.caririemacao.com\/1\/wp-json\/wp\/v2\/posts\/171814\/revisions"}],"predecessor-version":[{"id":171815,"href":"https:\/\/www.caririemacao.com\/1\/wp-json\/wp\/v2\/posts\/171814\/revisions\/171815"}],"wp:featuredmedia":[{"embeddable":true,"href":"https:\/\/www.caririemacao.com\/1\/wp-json\/wp\/v2\/media\/170821"}],"wp:attachment":[{"href":"https:\/\/www.caririemacao.com\/1\/wp-json\/wp\/v2\/media?parent=171814"}],"wp:term":[{"taxonomy":"category","embeddable":true,"href":"https:\/\/www.caririemacao.com\/1\/wp-json\/wp\/v2\/categories?post=171814"},{"taxonomy":"post_tag","embeddable":true,"href":"https:\/\/www.caririemacao.com\/1\/wp-json\/wp\/v2\/tags?post=171814"}],"curies":[{"name":"wp","href":"https:\/\/api.w.org\/{rel}","templated":true}]}}