{"id":171817,"date":"2020-05-28T07:36:29","date_gmt":"2020-05-28T10:36:29","guid":{"rendered":"https:\/\/www.caririemacao.com\/1\/?p=171817"},"modified":"2020-05-28T07:36:29","modified_gmt":"2020-05-28T10:36:29","slug":"com-1-290-novos-casos-confirmados-nas-ultimas-24h-paraiba-ultrapassa-a-marca-de-10-mil-diagnosticados-com-covid-19","status":"publish","type":"post","link":"https:\/\/www.caririemacao.com\/1\/2020\/05\/28\/com-1-290-novos-casos-confirmados-nas-ultimas-24h-paraiba-ultrapassa-a-marca-de-10-mil-diagnosticados-com-covid-19\/","title":{"rendered":"Com 1.290 novos casos confirmados nas \u00faltimas 24h, Para\u00edba ultrapassa a marca de 10 mil diagnosticados com covid-19"},"content":{"rendered":"\n<h1 class=\"wp-block-heading\"><\/h1>\n\n\n\n<p>A Para\u00edba registrou at\u00e9 a tarde desta quarta-feira (27) um total de 10.209 infectados com a covid-19. Os n\u00fameros divulgados tamb\u00e9m incluem o total de casos descartados, com 7.995 at\u00e9 o momento, e 298 mortes confirmadas. S\u00e3o 1.290 novos casos de Covid-19 e 12 \u00f3bitos confirmados desde a ultima atualiza\u00e7\u00e3o.&nbsp;<\/p>\n\n\n\n<ul class=\"wp-block-list\"><li>Casos Confirmados:&nbsp; 10.209<\/li><li>Casos Descartados: 7.995<\/li><li>\u00d3bitos confirmados: 298<\/li><li>Casos recuperados: 2.232<\/li><li>Total de munic\u00edpios: 185<\/li><\/ul>\n\n\n\n<p>O aumento de casos nos \u00faltimos dias \u00e9 resultado da amplia\u00e7\u00e3o da capacidade de testagem e diagn\u00f3stico da popula\u00e7\u00e3o. At\u00e9 o momento, j\u00e1 foram realizados 35.566 testes para diagnosticar a popula\u00e7\u00e3o em todos os munic\u00edpios do estado.&nbsp; &nbsp;<\/p>\n\n\n\n<p>A ocupa\u00e7\u00e3o de leitos de UTI em todo o estado \u00e9 de 72%. Se fizermos um recorte apenas dos leitos de UTI para adultos na Regi\u00e3o Metropolitana de Jo\u00e3o Pessoa, 85% est\u00e3o ocupados. Chama aten\u00e7\u00e3o a ocupa\u00e7\u00e3o de leitos adultos para Covid-19 em Campina Grande, onde est\u00e3o ocupados 80% de leitos de UTI e 85% das enfermarias. No sert\u00e3o, 49% dos leitos de UTI est\u00e3o ocupados. Apenas, 43% da popula\u00e7\u00e3o seguiu a recomenda\u00e7\u00e3o de Isolamento Social.&nbsp;<\/p>\n\n\n\n<p>Os casos confirmados est\u00e3o em 185 dos 223 munic\u00edpios paraibanos:<\/p>\n\n\n\n<p>\u00c1gua Branca (2); Aguiar (1); Alagoa Grande (48); Alagoa Nova (16); Alagoinha (92); Alcantil (1) Alhandra (124); Amparo (15); Aparecida (2); Ara\u00e7agi (29); Arara (8); Araruna (2); Areia (43); Areia de Bara\u00fanas (1); Areial (8); Aroeiras (16); Assun\u00e7\u00e3o (2); Baia da Trai\u00e7\u00e3o (43); Bananeiras (16); Barra de Santa Rosa (4); Barra de Santana (12); Barra de S\u00e3o Miguel (2); Bayeux (196); Bel\u00e9m (27); Bel\u00e9m do Brejo do Cruz (1);Boa Ventura (1);&nbsp; Boa Vista (20); Bom Jesus (1); Boqueir\u00e3o (10); Borborema (1);&nbsp; Brejo do Cruz (4); Caapor\u00e3 (278); Cabaceiras (4); Cabedelo (517); Cachoeira dos \u00cdndios (3); Cacimba de Dentro (14); Cacimbas (2); Cai\u00e7ara (19); Cajazeiras (60); Cajazeirinhas (1); Caldas Brand\u00e3o (11); Campina Grande (1025); Capim (33);&nbsp; Carrapateira (1); Casserengue (4); Catingueira (5), Catol\u00e9 do Rocha (31); Caturit\u00e9 (12); Concei\u00e7\u00e3o (4);&nbsp; Condado (39);&nbsp; Conde (92); Congo (11); Coremas (13); Coxixola (4); Cruz do Esp\u00edrito Santo (101); Cuit\u00e9 (9);&nbsp; Cuit\u00e9 de Mamanguape (3); Cuiteg\u00ed (50); Curral de Cima (7); Dami\u00e3o (1); Desterro (4); Dona In\u00eas (2); Duas Estradas (15); Emas (1); Esperan\u00e7a (46); Fagundes (5); Gado Bravo (22);&nbsp; Guarabira (466); Gurinh\u00e9m (25); Gurj\u00e3o (3); Ibiara (9); Igaracy (6); Imaculada (5); Ing\u00e1 (31); Itabaiana (122); Itaporanga (4); Itapororoca (31); Itatuba (39); Jacara\u00fa (7); Jeric\u00f3 (1);&nbsp; Jo\u00e3o Pessoa (3232); Joca Claudino (1); Juarez T\u00e1vora (15); Juazeirinho (50);&nbsp; Junco do Serid\u00f3 (6); Juripiranga (61); Juru (8); Lagoa (3); Lagoa de Dentro (6); Lagoa Seca (32); Lastro (1); Logradouro (8); Lucena (52); M\u00e3e d&#8217;\u00c1gua (2); Malta (9); Mamanguape (84); Mana\u00edra (2); Mari (81); Mariz\u00f3polis (4); Massaranduba (16); Mataraca (24); Matinhas (8); Mato Grosso (3); Matureia (7); Mogeiro (1);&nbsp; Montadas (4); Monteiro (27); Mulungu (14); Natuba (7); Nova Floresta (1), Nova Olinda (3); Olho D\u00b4\u00c1gua (6); Olivedos (1);&nbsp; Ouro Velho (1); Passagem (4); Patos (469); Paulista (15); Pedras de Fogo (171); Pedro R\u00e9gis (1); Pianc\u00f3 (15); Picu\u00ed (10); Pilar (39); Pil\u00f5es (6); Pil\u00f5ezinhos (43); Pirpirituba (14); Pitimbu (67); Pocinhos (4);&nbsp; Pombal (30); Princesa Isabel (5); Puxinan\u00e3 (18);&nbsp; Queimadas (54); Quixaba (5); Rem\u00edgio (32); Riach\u00e3o do Bacamarte (53);&nbsp; Riach\u00e3o do Po\u00e7o (1); Riacho de Santo Ant\u00f4nio (3); Riacho dos Cavalos (2); Rio Tinto (42); Salgadinho (7); Salgado de S\u00e3o Felix (23); Santa Cec\u00edlia (3); Santa Helena (1); Santa Luzia (45); Santa Rita (552); Santa Terezinha (10); Santana dos Garrotes (1); S\u00e3o Bentinho (8); S\u00e3o Bento (92); S\u00e3o Francisco (2);&nbsp; S\u00e3o Jo\u00e3o do Cariri (1); S\u00e3o Jo\u00e3o do Rio do Peixe (7); S\u00e3o Jo\u00e3o do Tigre (1); S\u00e3o Jos\u00e9 da Lagoa Tapada (13); S\u00e3o Jos\u00e9 de Caiana (22); S\u00e3o Jos\u00e9 de Espinharas (3); S\u00e3o Jos\u00e9 de Piranhas (4); S\u00e3o Jos\u00e9 do Bonfim (10); S\u00e3o Jos\u00e9 do Sabugi (54); S\u00e3o Jos\u00e9 dos Cordeiros (4); S\u00e3o Jos\u00e9 dos Ramos (5); S\u00e3o Mamede (11); S\u00e3o Miguel de Taipu (16);&nbsp; S\u00e3o Sebasti\u00e3o de Lagoa de Ro\u00e7a (9); S\u00e3o Vicente do Serid\u00f3 (16); Sap\u00e9 (163); Serra Branca (2); Serra da Ra\u00edz (6); Serra Redonda (23); Serraria (8); Sert\u00e3ozinho (8); Sobrado (12); Sol\u00e2nea (31); Soledade (6); Sousa (100); Sum\u00e9 (10); Tacima (9); Tapero\u00e1 (36); Tavares (6); Teixeira (13); Ten\u00f3rio (1); Uira\u00fana (4); Umbuzeiro (18); V\u00e1rzea (1); Vieir\u00f3polis (2); Vista Serrana (1).<\/p>\n\n\n\n<p>*Dados Oficiais (fonte e-sus VE e SIVEP) extra\u00eddos \u00e0s 10h do dia 27\/05<\/p>\n\n\n\n<p>Mais 12 \u00f3bitos foram confirmados:&nbsp;<\/p>\n\n\n\n<p>Homem, 57 anos, sem comorbidade, residente em Serraria. In\u00edcio dos sintomas 10\/05, veio a \u00f3bito na unidade de pronto atendimento no dia 12\/05.<\/p>\n\n\n\n<p>Mulher, 24 anos, sem informa\u00e7\u00e3o de comorbidade, residente em Mamanguape. In\u00edcio dos sintomas 07\/05, interna em hospital p\u00fablico, veio a \u00f3bito no dia 26\/05.<\/p>\n\n\n\n<p>Mulher, 60 anos, hipertensa, diab\u00e9tica, residente em Santa Rita. In\u00edcio dos sintomas 05\/05, interna em hospital p\u00fablico, veio a \u00f3bito no dia 25\/05.<\/p>\n\n\n\n<p>Homem, 61 anos, portador de insufici\u00eancia renal aguda, diab\u00e9tico, residente em Bayeux. In\u00edcio dos sintomas 29\/04, interno em hospital p\u00fablico, veio a \u00f3bito no dia 26\/05.<\/p>\n\n\n\n<p>Homem, 78 anos, hipertenso, diab\u00e9tico, residente em S\u00e3o Bento. In\u00edcio dos sintomas 08\/05, interno em hospital p\u00fablico, veio a \u00f3bito no dia 23\/05.<\/p>\n\n\n\n<p>Homem, 87 anos, portador de neoplasia de pulm\u00e3o, residente em Catol\u00e9 do Rocha. In\u00edcio dos sintomas 10\/05, interno em hospital p\u00fablico, veio a \u00f3bito no dia 25\/05.<\/p>\n\n\n\n<p>Homem, 85 anos, sequelado de AVC, cardiopata, hipertenso, residente em Catol\u00e9 do Rocha. In\u00edcio dos sintomas 14\/05, interno em hospital p\u00fablico, veio a \u00f3bito no dia 25\/05.<\/p>\n\n\n\n<p>Homem, 76 anos,com comorbidade, sequelado de AVC, hipertenso, residente em Lucena. In\u00edcio dos sintomas 10\/05, veio a \u00f3bito na unidade de pronto atendimentono dia 14\/05.<\/p>\n\n\n\n<p>Homem, 61 anos, sequelado de AVC, diab\u00e9tico, hipertenso, cardiopata, residente em Barra de S\u00e3o Miguel. In\u00edcio dos sintomas 04\/05, interno em hospital p\u00fablico, veio a \u00f3bito no dia 20\/05.<\/p>\n\n\n\n<p>Mulher, 59 anos, sem comorbidade, residente em Jo\u00e3o Pessoa. In\u00edcio dos sintomas 28\/04, interna em hospital p\u00fablico, veio a \u00f3bito no dia 26\/05.<\/p>\n\n\n\n<p>Homem, 34 anos, diab\u00e9tico, residente em Jo\u00e3o Pessoa. In\u00edcio dos sintomas 05\/05, interno em hospital p\u00fablico, veio a \u00f3bito no dia 26\/05.<\/p>\n\n\n\n<p>Mulher, 95 anos, cardiopata e hipertensa, residente em Rem\u00edgio. In\u00edcio dos sintomas 02\/05, interno em hospital privado, veio a \u00f3bito no dia 26\/05.<\/p>\n","protected":false},"excerpt":{"rendered":"<p>A Para\u00edba registrou at\u00e9 a tarde desta quarta-feira (27) um total de 10.209 infectados com a covid-19. Os n\u00fameros divulgados tamb\u00e9m incluem o total de&hellip; <\/p>\n","protected":false},"author":2,"featured_media":171818,"comment_status":"closed","ping_status":"closed","sticky":false,"template":"","format":"standard","meta":{"sfsi_plus_gutenberg_text_before_share":"","sfsi_plus_gutenberg_show_text_before_share":"","sfsi_plus_gutenberg_icon_type":"","sfsi_plus_gutenberg_icon_alignemt":"","sfsi_plus_gutenburg_max_per_row":"","footnotes":""},"categories":[50,16],"tags":[],"class_list":["post-171817","post","type-post","status-publish","format-standard","has-post-thumbnail","hentry","category-destaque","category-saude"],"_links":{"self":[{"href":"https:\/\/www.caririemacao.com\/1\/wp-json\/wp\/v2\/posts\/171817","targetHints":{"allow":["GET"]}}],"collection":[{"href":"https:\/\/www.caririemacao.com\/1\/wp-json\/wp\/v2\/posts"}],"about":[{"href":"https:\/\/www.caririemacao.com\/1\/wp-json\/wp\/v2\/types\/post"}],"author":[{"embeddable":true,"href":"https:\/\/www.caririemacao.com\/1\/wp-json\/wp\/v2\/users\/2"}],"replies":[{"embeddable":true,"href":"https:\/\/www.caririemacao.com\/1\/wp-json\/wp\/v2\/comments?post=171817"}],"version-history":[{"count":1,"href":"https:\/\/www.caririemacao.com\/1\/wp-json\/wp\/v2\/posts\/171817\/revisions"}],"predecessor-version":[{"id":171819,"href":"https:\/\/www.caririemacao.com\/1\/wp-json\/wp\/v2\/posts\/171817\/revisions\/171819"}],"wp:featuredmedia":[{"embeddable":true,"href":"https:\/\/www.caririemacao.com\/1\/wp-json\/wp\/v2\/media\/171818"}],"wp:attachment":[{"href":"https:\/\/www.caririemacao.com\/1\/wp-json\/wp\/v2\/media?parent=171817"}],"wp:term":[{"taxonomy":"category","embeddable":true,"href":"https:\/\/www.caririemacao.com\/1\/wp-json\/wp\/v2\/categories?post=171817"},{"taxonomy":"post_tag","embeddable":true,"href":"https:\/\/www.caririemacao.com\/1\/wp-json\/wp\/v2\/tags?post=171817"}],"curies":[{"name":"wp","href":"https:\/\/api.w.org\/{rel}","templated":true}]}}