{"id":171829,"date":"2020-05-28T07:48:17","date_gmt":"2020-05-28T10:48:17","guid":{"rendered":"https:\/\/www.caririemacao.com\/1\/?p=171829"},"modified":"2020-05-28T07:48:17","modified_gmt":"2020-05-28T10:48:17","slug":"senado-aprova-mp-do-aumento-salario-minimo-para-r-1-045","status":"publish","type":"post","link":"https:\/\/www.caririemacao.com\/1\/2020\/05\/28\/senado-aprova-mp-do-aumento-salario-minimo-para-r-1-045\/","title":{"rendered":"Senado aprova MP do aumento sal\u00e1rio m\u00ednimo para R$ 1.045"},"content":{"rendered":"\n<h2 class=\"wp-block-heading\"><\/h2>\n\n\n\n<p>O Senado aprovou hoje (27) a Medida Provis\u00f3ria (MP) 919\/2020, que institui o sal\u00e1rio m\u00ednimo de R$ 1.045. A&nbsp;<a href=\"https:\/\/agenciabrasil.ebc.com.br\/politica\/noticia\/2020-05\/camara-aprova-mp-que-aumenta-salario-minimo-para-r-1045\" target=\"_blank\" rel=\"noreferrer noopener\">MP foi aprovada ontem (26) na C\u00e2mara<\/a>&nbsp;e incorpora ao sal\u00e1rio m\u00ednimo o aumento que passou a vigorar em janeiro deste ano, quando a MP 916\/19 foi publicada.<\/p>\n\n\n\n<p>A MP 916\/19, editada no final do ano passado, acrescentou ao sal\u00e1rio m\u00ednimo um reajuste de 4,1%, que correspondeu \u00e0 estimativa do \u00cdndice Nacional de Pre\u00e7os ao Consumidor (INPC) para 2019. Com isso, o sal\u00e1rio m\u00ednimo passou de R$$ 998 para R$ 1.039.<\/p>\n\n\n\n<p>Como a infla\u00e7\u00e3o de dezembro de 2019 foi divulgada em janeiro deste ano, o \u00edndice anual do INPC do ano passado foi de 4,48%. Com isso, o sal\u00e1rio m\u00ednimo teve uma alta nominal de 4,7%, chegando ao&nbsp;<a href=\"https:\/\/agenciabrasil.ebc.com.br\/economia\/noticia\/2020-01\/governo-eleva-salario-minimo-para-r-1045\" target=\"_blank\" rel=\"noreferrer noopener\">valor final de R$ 1.045<\/a>, segundo a MP editada em janeiro. O texto vai \u00e0 san\u00e7\u00e3o presidencial.<\/p>\n\n\n\n<p>O relator da MP no Senado, Paulo Paim (PT-RS), rejeitou emendas que pretendiam um aumento maior do valor. Paim justificou a rejei\u00e7\u00e3o em virtude da situa\u00e7\u00e3o de crise econ\u00f4mica vivida no pa\u00eds, sobretudo em raz\u00e3o da epidemia do novo coronav\u00edrus.<\/p>\n\n\n\n<p>\u201cEm que pesem as nobres inten\u00e7\u00f5es de todos os autores, consideramos que se torna invi\u00e1vel a aprova\u00e7\u00e3o das emendas apresentadas, em face [\u2026] da necessidade de, em meio ao per\u00edodo de grande retra\u00e7\u00e3o econ\u00f4mica que se avizinha, evitarmos a agudiza\u00e7\u00e3o do quadro fiscal, j\u00e1 pressionado pela necessidade de novas despesas para o enfrentamento da pandemia de covid-19.\u201d<\/p>\n\n\n\n<h2 class=\"wp-block-heading\">Aux\u00edlio aos estados atingidos pelas enchentes<\/h2>\n\n\n\n<p>O Senado aprovou tamb\u00e9m a Medida Provis\u00f3ria 920\/2020, que abriu cr\u00e9dito extraordin\u00e1rio de R$ 892 milh\u00f5es para o Minist\u00e9rio do Desenvolvimento Regional. O dinheiro ser\u00e1 utilizado, segundo o texto da MP, para atendimento emergencial \u00e0s v\u00edtimas das enchentes no Rio de Janeiro, Minas Gerais e Esp\u00edrito Santo no fim de janeiro.<\/p>\n\n\n\n<p>O dinheiro tamb\u00e9m ser\u00e1 aplicado no restabelecimento dos servi\u00e7os, bem como a execu\u00e7\u00e3o de a\u00e7\u00f5es de reconstru\u00e7\u00e3o de infraestrutura danificada ou destru\u00edda pelas fortes chuvas nesses estados. A mat\u00e9ria vai \u00e0 san\u00e7\u00e3o presidencial.<\/p>\n","protected":false},"excerpt":{"rendered":"<p>O Senado aprovou hoje (27) a Medida Provis\u00f3ria (MP) 919\/2020, que institui o sal\u00e1rio m\u00ednimo de R$ 1.045. A&nbsp;MP foi aprovada ontem (26) na C\u00e2mara&nbsp;e&hellip; <\/p>\n","protected":false},"author":2,"featured_media":171830,"comment_status":"closed","ping_status":"closed","sticky":false,"template":"","format":"standard","meta":{"sfsi_plus_gutenberg_text_before_share":"","sfsi_plus_gutenberg_show_text_before_share":"","sfsi_plus_gutenberg_icon_type":"","sfsi_plus_gutenberg_icon_alignemt":"","sfsi_plus_gutenburg_max_per_row":"","footnotes":""},"categories":[2],"tags":[],"class_list":["post-171829","post","type-post","status-publish","format-standard","has-post-thumbnail","hentry","category-geral"],"_links":{"self":[{"href":"https:\/\/www.caririemacao.com\/1\/wp-json\/wp\/v2\/posts\/171829","targetHints":{"allow":["GET"]}}],"collection":[{"href":"https:\/\/www.caririemacao.com\/1\/wp-json\/wp\/v2\/posts"}],"about":[{"href":"https:\/\/www.caririemacao.com\/1\/wp-json\/wp\/v2\/types\/post"}],"author":[{"embeddable":true,"href":"https:\/\/www.caririemacao.com\/1\/wp-json\/wp\/v2\/users\/2"}],"replies":[{"embeddable":true,"href":"https:\/\/www.caririemacao.com\/1\/wp-json\/wp\/v2\/comments?post=171829"}],"version-history":[{"count":1,"href":"https:\/\/www.caririemacao.com\/1\/wp-json\/wp\/v2\/posts\/171829\/revisions"}],"predecessor-version":[{"id":171831,"href":"https:\/\/www.caririemacao.com\/1\/wp-json\/wp\/v2\/posts\/171829\/revisions\/171831"}],"wp:featuredmedia":[{"embeddable":true,"href":"https:\/\/www.caririemacao.com\/1\/wp-json\/wp\/v2\/media\/171830"}],"wp:attachment":[{"href":"https:\/\/www.caririemacao.com\/1\/wp-json\/wp\/v2\/media?parent=171829"}],"wp:term":[{"taxonomy":"category","embeddable":true,"href":"https:\/\/www.caririemacao.com\/1\/wp-json\/wp\/v2\/categories?post=171829"},{"taxonomy":"post_tag","embeddable":true,"href":"https:\/\/www.caririemacao.com\/1\/wp-json\/wp\/v2\/tags?post=171829"}],"curies":[{"name":"wp","href":"https:\/\/api.w.org\/{rel}","templated":true}]}}