{"id":171833,"date":"2020-05-28T07:50:44","date_gmt":"2020-05-28T10:50:44","guid":{"rendered":"https:\/\/www.caririemacao.com\/1\/?p=171833"},"modified":"2020-05-28T07:50:44","modified_gmt":"2020-05-28T10:50:44","slug":"remedio-pode-matar-novo-coronavirus-em-2-dias-segundo-pesquisa","status":"publish","type":"post","link":"https:\/\/www.caririemacao.com\/1\/2020\/05\/28\/remedio-pode-matar-novo-coronavirus-em-2-dias-segundo-pesquisa\/","title":{"rendered":"Rem\u00e9dio pode matar novo coronav\u00edrus em 2 dias, segundo pesquisa"},"content":{"rendered":"\n<h1 class=\"wp-block-heading\"><\/h1>\n\n\n\n<p>Experimentos realizados em laborat\u00f3rio com culturas de c\u00e9lulas mostraram que o rem\u00e9dio ivermectina \u00e9 capaz de eliminar o novo coronav\u00edrus em apenas dois dias. \u00c9 o que indica um novo estudo sobre esse medicamento antiparasit\u00e1rio, realizado por pesquisadores do Laborat\u00f3rio de Refer\u00eancia de Doen\u00e7as Infecciosas Vitorianas (VIDRL) e da Universidade Monash, ambos em Melbourne (Austr\u00e1lia). No entanto, pesquisas complementares ainda devem demonstrar se o tratamento \u00e9 seguro e eficaz em humanos.<\/p>\n\n\n\n<p>A pesquisa publicada na revista&nbsp;<em>Antiviral Research<\/em>&nbsp;amplia a an\u00e1lise sobre a ivermectina. At\u00e9 ent\u00e3o, os estudos sobre a covid-19 foram limitados ao monitoramento e a conten\u00e7\u00e3o dos sintomas causados pela covid-19. Por isso, estudiosos da Austr\u00e1lia focaram na capacidade do medicamento inibir o Sars-Cov-2 de forma r\u00e1pida e eficiente.<\/p>\n\n\n\n<p>Aprovada pelo&nbsp;<em>Food and Drug Administration dos EUA<\/em>&nbsp;(FDA) para tratamento em infec\u00e7\u00f5es parasit\u00e1rias, a ivermectina \u00e9 usada contra infesta\u00e7\u00f5es causadas por piolhos e sarnas. O medicamento est\u00e1 amplamente dispon\u00edvel no mundo, pois est\u00e1 incluso na lista de rem\u00e9dios essenciais da Organiza\u00e7\u00e3o Mundial de Sa\u00fade (OMS). Pesquisas anteriores apontaram que a subst\u00e2ncia pode combater alguns v\u00edrus, incluindo o HIV-1, influenza, os da dengue e zika.<\/p>\n\n\n\n<p>Os cientistas descobriram que dose \u00fanica de ivermectina pode remover todo o RNA do novo coronav\u00edrus em um per\u00edodo de 48 horas. Mesmo no primeiro dia, a redu\u00e7\u00e3o do material gen\u00e9tico do v\u00edrus \u00e9 significativo.<\/p>\n\n\n\n<p>O mecanismo pelo qual a ivermectina combate-o ainda n\u00e3o \u00e9 conhecido. Entretanto, \u00e9 prov\u00e1vel que, com base na sua a\u00e7\u00e3o em outros v\u00edrus, o medicamento impe\u00e7a o v\u00edrus de reduzir a capacidade das c\u00e9lulas hospedeiras de elimin\u00e1-lo.<\/p>\n\n\n\n<p>Apesar de a ivermectina ser reconhecida como uma droga segura, os pesquisadores ainda precisam encontrar uma dosagem ideal e eficaz.<br><br>O uso de ivermectina no combate a covid-19 depende, ainda, de testes pr\u00e9-cl\u00ednicos e ensaios cl\u00ednicos. Para isso, os pesquisadores buscam financiamento urgentemente para o progresso do trabalho.<\/p>\n\n\n\n<p>Ap\u00f3s essa fase, o medicamento deve passar por testes cl\u00ednicos com aproximadamente 50 pessoas infectadas pelo v\u00edrus. Ser\u00e3o verificados a toler\u00e2ncia \u00e0 dose, o tempo de interven\u00e7\u00e3o e a seguran\u00e7a geral da subst\u00e2ncia. Caso seja aprovada, a pesquisa ser\u00e1 ampliada para cerca de 400 pacientes com covid-19.<\/p>\n\n\n\n<p>Depois de passar por todas as fases de estudo, se ficar comprovado que a ivermectina pode realmente combater o Sars-CoV-2, o fato de o medicamento j\u00e1 se encontrar dispon\u00edvel no mercado pode significar um tratamento r\u00e1pido para diversas pessoas com a doen\u00e7a.<\/p>\n\n\n\n<p>Fonte: Estad\u00e3o<\/p>\n","protected":false},"excerpt":{"rendered":"<p>Experimentos realizados em laborat\u00f3rio com culturas de c\u00e9lulas mostraram que o rem\u00e9dio ivermectina \u00e9 capaz de eliminar o novo coronav\u00edrus em apenas dois dias. \u00c9&hellip; <\/p>\n","protected":false},"author":2,"featured_media":171834,"comment_status":"closed","ping_status":"closed","sticky":false,"template":"","format":"standard","meta":{"sfsi_plus_gutenberg_text_before_share":"","sfsi_plus_gutenberg_show_text_before_share":"","sfsi_plus_gutenberg_icon_type":"","sfsi_plus_gutenberg_icon_alignemt":"","sfsi_plus_gutenburg_max_per_row":"","footnotes":""},"categories":[2],"tags":[],"class_list":["post-171833","post","type-post","status-publish","format-standard","has-post-thumbnail","hentry","category-geral"],"_links":{"self":[{"href":"https:\/\/www.caririemacao.com\/1\/wp-json\/wp\/v2\/posts\/171833","targetHints":{"allow":["GET"]}}],"collection":[{"href":"https:\/\/www.caririemacao.com\/1\/wp-json\/wp\/v2\/posts"}],"about":[{"href":"https:\/\/www.caririemacao.com\/1\/wp-json\/wp\/v2\/types\/post"}],"author":[{"embeddable":true,"href":"https:\/\/www.caririemacao.com\/1\/wp-json\/wp\/v2\/users\/2"}],"replies":[{"embeddable":true,"href":"https:\/\/www.caririemacao.com\/1\/wp-json\/wp\/v2\/comments?post=171833"}],"version-history":[{"count":1,"href":"https:\/\/www.caririemacao.com\/1\/wp-json\/wp\/v2\/posts\/171833\/revisions"}],"predecessor-version":[{"id":171835,"href":"https:\/\/www.caririemacao.com\/1\/wp-json\/wp\/v2\/posts\/171833\/revisions\/171835"}],"wp:featuredmedia":[{"embeddable":true,"href":"https:\/\/www.caririemacao.com\/1\/wp-json\/wp\/v2\/media\/171834"}],"wp:attachment":[{"href":"https:\/\/www.caririemacao.com\/1\/wp-json\/wp\/v2\/media?parent=171833"}],"wp:term":[{"taxonomy":"category","embeddable":true,"href":"https:\/\/www.caririemacao.com\/1\/wp-json\/wp\/v2\/categories?post=171833"},{"taxonomy":"post_tag","embeddable":true,"href":"https:\/\/www.caririemacao.com\/1\/wp-json\/wp\/v2\/tags?post=171833"}],"curies":[{"name":"wp","href":"https:\/\/api.w.org\/{rel}","templated":true}]}}