{"id":171841,"date":"2020-05-28T08:59:01","date_gmt":"2020-05-28T11:59:01","guid":{"rendered":"https:\/\/www.caririemacao.com\/1\/?p=171841"},"modified":"2020-05-28T08:59:01","modified_gmt":"2020-05-28T11:59:01","slug":"aras-pede-a-fachin-que-suspenda-inquerito-das-fake-news","status":"publish","type":"post","link":"https:\/\/www.caririemacao.com\/1\/2020\/05\/28\/aras-pede-a-fachin-que-suspenda-inquerito-das-fake-news\/","title":{"rendered":"Aras pede a Fachin que suspenda inqu\u00e9rito das fake news"},"content":{"rendered":"\n<h3 class=\"wp-block-heading\"><\/h3>\n\n\n\n<hr class=\"wp-block-separator\"\/>\n\n\n\n<p>O procurador-geral da Rep\u00fablica, Augusto&nbsp;<strong>Aras<\/strong>, solicitou ao ministro do STF Edson Fachin que suspenda o inqu\u00e9rito das fake news em tramita\u00e7\u00e3o no Supremo. Com informa\u00e7\u00f5es de Andr\u00e9ia Sadi, do G1.<\/p>\n\n\n\n<p>Aras afirma que a PGR foi \u201csupreendida\u201d com as a\u00e7\u00f5es realizadas na manh\u00e3 desta quarta-feira (27) pela Pol\u00edcia Federal, \u201csem a participa\u00e7\u00e3o, supervis\u00e3o ou anu\u00eancia pr\u00e9via do \u00f3rg\u00e3o de persecu\u00e7\u00e3o penal\u201d. Para o PGR, isso \u201crefor\u00e7a a necessidade de se conferir seguran\u00e7a jur\u00eddica\u201d ao inqu\u00e9rito, \u201ccom a preserva\u00e7\u00e3o das prerrogativas institucionais do Minist\u00e9rio P\u00fablico de garantias fundamentais, evitando-se dilig\u00eancias desnecess\u00e1rias, que possam eventualmente trazer constrangimentos desproporcionais\u201d.<\/p>\n\n\n\n<p>Augusto Aras fez o pedido em uma a\u00e7\u00e3o do partido Rede, de relatoria de Fachin, que questiona o inqu\u00e9rito.<\/p>\n","protected":false},"excerpt":{"rendered":"<p>O procurador-geral da Rep\u00fablica, Augusto&nbsp;Aras, solicitou ao ministro do STF Edson Fachin que suspenda o inqu\u00e9rito das fake news em tramita\u00e7\u00e3o no Supremo. Com informa\u00e7\u00f5es&hellip; <\/p>\n","protected":false},"author":2,"featured_media":171842,"comment_status":"closed","ping_status":"closed","sticky":false,"template":"","format":"standard","meta":{"sfsi_plus_gutenberg_text_before_share":"","sfsi_plus_gutenberg_show_text_before_share":"","sfsi_plus_gutenberg_icon_type":"","sfsi_plus_gutenberg_icon_alignemt":"","sfsi_plus_gutenburg_max_per_row":"","footnotes":""},"categories":[2],"tags":[],"class_list":["post-171841","post","type-post","status-publish","format-standard","has-post-thumbnail","hentry","category-geral"],"_links":{"self":[{"href":"https:\/\/www.caririemacao.com\/1\/wp-json\/wp\/v2\/posts\/171841","targetHints":{"allow":["GET"]}}],"collection":[{"href":"https:\/\/www.caririemacao.com\/1\/wp-json\/wp\/v2\/posts"}],"about":[{"href":"https:\/\/www.caririemacao.com\/1\/wp-json\/wp\/v2\/types\/post"}],"author":[{"embeddable":true,"href":"https:\/\/www.caririemacao.com\/1\/wp-json\/wp\/v2\/users\/2"}],"replies":[{"embeddable":true,"href":"https:\/\/www.caririemacao.com\/1\/wp-json\/wp\/v2\/comments?post=171841"}],"version-history":[{"count":1,"href":"https:\/\/www.caririemacao.com\/1\/wp-json\/wp\/v2\/posts\/171841\/revisions"}],"predecessor-version":[{"id":171843,"href":"https:\/\/www.caririemacao.com\/1\/wp-json\/wp\/v2\/posts\/171841\/revisions\/171843"}],"wp:featuredmedia":[{"embeddable":true,"href":"https:\/\/www.caririemacao.com\/1\/wp-json\/wp\/v2\/media\/171842"}],"wp:attachment":[{"href":"https:\/\/www.caririemacao.com\/1\/wp-json\/wp\/v2\/media?parent=171841"}],"wp:term":[{"taxonomy":"category","embeddable":true,"href":"https:\/\/www.caririemacao.com\/1\/wp-json\/wp\/v2\/categories?post=171841"},{"taxonomy":"post_tag","embeddable":true,"href":"https:\/\/www.caririemacao.com\/1\/wp-json\/wp\/v2\/tags?post=171841"}],"curies":[{"name":"wp","href":"https:\/\/api.w.org\/{rel}","templated":true}]}}