{"id":171845,"date":"2020-05-28T09:01:10","date_gmt":"2020-05-28T12:01:10","guid":{"rendered":"https:\/\/www.caririemacao.com\/1\/?p=171845"},"modified":"2020-05-28T09:01:10","modified_gmt":"2020-05-28T12:01:10","slug":"crise-paraiba-perdeu-mais-de-15-mil-empregos-e-comercio-demitiu-mais-de-2-mil","status":"publish","type":"post","link":"https:\/\/www.caririemacao.com\/1\/2020\/05\/28\/crise-paraiba-perdeu-mais-de-15-mil-empregos-e-comercio-demitiu-mais-de-2-mil\/","title":{"rendered":"Crise: Para\u00edba perdeu mais de 15 mil empregos e com\u00e9rcio demitiu mais de 2 mil"},"content":{"rendered":"\n<h3 class=\"wp-block-heading\"><\/h3>\n\n\n\n<hr class=\"wp-block-separator\"\/>\n\n\n\n<p>Os dados do Cadastro Geral de Empregados e Desempregados (CAGED) revelaram n\u00fameros preocupantes quanto \u00e0s demiss\u00f5es que v\u00eam ocorrendo no estado da Para\u00edba, ap\u00f3s a crise iniciada com a pandemia do novo coronav\u00edrus. Segundo a atualiza\u00e7\u00e3o divulgada nesta quarta-feira (27) pelo Minist\u00e9rio da Economia, a Para\u00edba perdeu ao longo do ano mais de 15 mil postos de trabalho formais.<\/p>\n\n\n\n<p>Segundo o CAGED, somente no \u00faltimo m\u00eas de abril foram extintos 8.299 postos de trabalho em todos os setores da economia paraibana. O setor do com\u00e9rcio varejista foi o que mais fechou vagas de emprego em todo o estado, com 2.303 postos extintos, seguido pelo setor da ind\u00fastria da transforma\u00e7\u00e3o que eliminou 1.716 mil empregos com carteira assinada.<\/p>\n\n\n\n<p>A capital, Jo\u00e3o Pessoa, foi a cidade paraibana que mais demitiu no \u00faltimo m\u00eas de abril, com 3.963 empregos encerrados, seguida por Campina Grande (-1.661), Santa Rita (-316) e Cabaceiras (-312).&nbsp;<\/p>\n\n\n\n<p>Na avalia\u00e7\u00e3o do presidente da Federa\u00e7\u00e3o das C\u00e2maras de Dirigentes Lojistas da Para\u00edba (FCDL-PB), Jos\u00e9 Lopes da Silva Neto, os n\u00fameros refor\u00e7am o discurso das entidades empresariais que cobram do governo estadual e das prefeituras medidas de prote\u00e7\u00e3o \u00e0s empresas como forma de assegurar os empregos dos trabalhadores.<\/p>\n\n\n\n<p>&nbsp;\u201cTudo isso foi ocasionado devido \u00e0 pandemia, por\u00e9m, tendo como agravante algumas medidas restritivas de alguns prefeitos e do governador que fecharam o com\u00e9rcio sem dar \u00e0s empresas outra sa\u00edda a n\u00e3o ser demitir. Mesmo com a possibilidade de suspens\u00e3o total ou parcial dos contratos de trabalho esses n\u00fameros realmente s\u00e3o assustadores\u201d, frisou Jos\u00e9 Neto.&nbsp;<\/p>\n\n\n\n<p>Quando comparados com o primeiro quadrimestre de 2019, o aumento do desemprego no estado impressiona ainda mais.&nbsp; De janeiro a abril do ano anterior o estado registrou saldo de 351 postos de trabalho encerrados contra os 15.411 registrados este ano. Aumento de mais de 400% na quantidade de demiss\u00f5es.&nbsp;<\/p>\n\n\n\n<p>A regi\u00e3o nordeste ficou em segundo lugar no ranking das demiss\u00f5es no m\u00eas de abril, com 126.834 mil postos de trabalho fechados, ficando atr\u00e1s apenas da regi\u00e3o sudeste que fechou 450.707 mil empregos.<\/p>\n","protected":false},"excerpt":{"rendered":"<p>Os dados do Cadastro Geral de Empregados e Desempregados (CAGED) revelaram n\u00fameros preocupantes quanto \u00e0s demiss\u00f5es que v\u00eam ocorrendo no estado da Para\u00edba, ap\u00f3s a&hellip; <\/p>\n","protected":false},"author":2,"featured_media":171846,"comment_status":"closed","ping_status":"closed","sticky":false,"template":"","format":"standard","meta":{"sfsi_plus_gutenberg_text_before_share":"","sfsi_plus_gutenberg_show_text_before_share":"","sfsi_plus_gutenberg_icon_type":"","sfsi_plus_gutenberg_icon_alignemt":"","sfsi_plus_gutenburg_max_per_row":"","footnotes":""},"categories":[50,2],"tags":[],"class_list":["post-171845","post","type-post","status-publish","format-standard","has-post-thumbnail","hentry","category-destaque","category-geral"],"_links":{"self":[{"href":"https:\/\/www.caririemacao.com\/1\/wp-json\/wp\/v2\/posts\/171845","targetHints":{"allow":["GET"]}}],"collection":[{"href":"https:\/\/www.caririemacao.com\/1\/wp-json\/wp\/v2\/posts"}],"about":[{"href":"https:\/\/www.caririemacao.com\/1\/wp-json\/wp\/v2\/types\/post"}],"author":[{"embeddable":true,"href":"https:\/\/www.caririemacao.com\/1\/wp-json\/wp\/v2\/users\/2"}],"replies":[{"embeddable":true,"href":"https:\/\/www.caririemacao.com\/1\/wp-json\/wp\/v2\/comments?post=171845"}],"version-history":[{"count":1,"href":"https:\/\/www.caririemacao.com\/1\/wp-json\/wp\/v2\/posts\/171845\/revisions"}],"predecessor-version":[{"id":171847,"href":"https:\/\/www.caririemacao.com\/1\/wp-json\/wp\/v2\/posts\/171845\/revisions\/171847"}],"wp:featuredmedia":[{"embeddable":true,"href":"https:\/\/www.caririemacao.com\/1\/wp-json\/wp\/v2\/media\/171846"}],"wp:attachment":[{"href":"https:\/\/www.caririemacao.com\/1\/wp-json\/wp\/v2\/media?parent=171845"}],"wp:term":[{"taxonomy":"category","embeddable":true,"href":"https:\/\/www.caririemacao.com\/1\/wp-json\/wp\/v2\/categories?post=171845"},{"taxonomy":"post_tag","embeddable":true,"href":"https:\/\/www.caririemacao.com\/1\/wp-json\/wp\/v2\/tags?post=171845"}],"curies":[{"name":"wp","href":"https:\/\/api.w.org\/{rel}","templated":true}]}}