{"id":171849,"date":"2020-05-28T09:04:49","date_gmt":"2020-05-28T12:04:49","guid":{"rendered":"https:\/\/www.caririemacao.com\/1\/?p=171849"},"modified":"2020-05-28T09:04:49","modified_gmt":"2020-05-28T12:04:49","slug":"municipios-do-cariri-recebem-pedido-de-mps-para-antecipar-feriados-como-forma-de-intensificar-isolamento-social","status":"publish","type":"post","link":"https:\/\/www.caririemacao.com\/1\/2020\/05\/28\/municipios-do-cariri-recebem-pedido-de-mps-para-antecipar-feriados-como-forma-de-intensificar-isolamento-social\/","title":{"rendered":"Munic\u00edpios do Cariri recebem pedido de MPs para antecipar feriados como forma de intensificar isolamento social"},"content":{"rendered":"\n<h1 class=\"wp-block-heading\"><\/h1>\n\n\n\n<p>Diante da imin\u00eancia do colapso da rede de sa\u00fade de Campina Grande (PB), o Minist\u00e9rio P\u00fablico Federal (MPF), o Minist\u00e9rio P\u00fablico do Trabalho (MPT) e o Minist\u00e9rio P\u00fablico da Para\u00edba (MP\/PB) alertam sobre a necessidade de atua\u00e7\u00e3o conjunta para salvaguardar a estrutura hospitalar e solicitam, por meio de of\u00edcios, an\u00e1lise pelos prefeitos de 69 munic\u00edpios da 2\u00aa Macrorregi\u00e3o de Sa\u00fade acerca da possibilidade de ado\u00e7\u00e3o, no mesmo per\u00edodo (1 a 3 de junho de 2020), das medidas da Prefeitura Municipal de Campina Grande (PB) relativas \u00e0 antecipa\u00e7\u00e3o dos feriados dos dias 11 de junho (Corpus Christi), 24 de junho (S\u00e3o Jo\u00e3o) e 5 de agosto (anivers\u00e1rio da Para\u00edba), no que for cab\u00edvel.<\/p>\n\n\n\n<p>O objetivo dos Minist\u00e9rios P\u00fablicos \u00e9 intensificar, significativamente, o isolamento social em Campina Grande e cidades do entorno, entre 30 de maio e 3 de junho, diminuindo o risco de colapso da rede de sa\u00fade. De acordo com dados repassados pelas secretarias municipal e estadual de sa\u00fade nesta ter\u00e7a-feira (26), dos 67 leitos de UTI existentes na rede p\u00fablica de Campina Grande, apenas 19 encontram-se dispon\u00edveis. Os MPs consideram o intenso fluxo entre as cidades e a elevada curva de crescimento dos casos de covid-19 na \u00faltima semana, al\u00e9m do progressivo esgotamento da capacidade das redes hospitalares p\u00fablica e privada.<\/p>\n\n\n\n<p>Compondo a 2\u00aa Macrorregi\u00e3o de Sa\u00fade, praticamente todos os munic\u00edpios do Cariri paraibano foram listados e os respectivos prefeitos receberam o pedido para adotar as medidas relativas \u00e0 antecipa\u00e7\u00e3o dos feriados.<\/p>\n\n\n\n<p>Os 69 munic\u00edpios que comp\u00f5em a 2\u00aa Macrorregi\u00e3o de Sa\u00fade s\u00e3o:&nbsp;Alagoa Grande, Alagoa Nova,&nbsp;Algod\u00e3o de Janda\u00edra, Arara,&nbsp;Areia,&nbsp;Areial,&nbsp;Esperan\u00e7a,&nbsp;Lagoa Seca,&nbsp;Matinhas,&nbsp;Montadas,&nbsp;Rem\u00edgio,&nbsp;S\u00e3o Sebasti\u00e3o de Lagoa de Ro\u00e7a,&nbsp;Bara\u00fana,&nbsp;Barra de Santa Rosa,&nbsp;Cubati,&nbsp;Cuit\u00e9,&nbsp;Dami\u00e3o,&nbsp;Frei Martinho,&nbsp;Nova Floresta,&nbsp;Nova Palmeira,&nbsp;Pedra Lavrada, Picu\u00ed, S\u00e3o Vicente do Serid\u00f3, Soss\u00eago,&nbsp;<strong>Amparo<\/strong>,&nbsp;<strong>Camala\u00fa, Cara\u00fabas, Congo, Coxixola, Gurj\u00e3o, Monteiro, Ouro Velho, Parari, Prata, S\u00e3o Jo\u00e3o do Cariri,&nbsp;S\u00e3o Jo\u00e3o do Tigre,&nbsp;S\u00e3o Jos\u00e9 dos Cordeiros,&nbsp;S\u00e3o Sebasti\u00e3o do Umbuzeiro,&nbsp;Serra Branca,&nbsp;Sum\u00e9,&nbsp;Zabel\u00ea,&nbsp;Alcantil<\/strong>,&nbsp;Aroeiras,&nbsp;<strong>Barra de Santana,&nbsp;Barra de S\u00e3o Miguel,&nbsp;Boqueir\u00e3o,&nbsp;Cabaceiras,&nbsp;Caturit\u00e9<\/strong>,&nbsp;Gado Bravo,&nbsp;Natuba,&nbsp;Queimadas,&nbsp;<strong>Riacho de Santo Ant\u00f4nio<\/strong>,&nbsp;Santa Cec\u00edlia,&nbsp;<strong>S\u00e3o Domingos do Cariri<\/strong>,&nbsp;Umbuzeiro,&nbsp;<strong>Assun\u00e7\u00e3o,&nbsp;Boa Vista<\/strong>,&nbsp;Fagundes,&nbsp;Juazeirinho,&nbsp;<strong>Livramento<\/strong>,&nbsp;Massaranduba,&nbsp;Olivedos,&nbsp;Pocinhos,&nbsp;Puxinan\u00e3,&nbsp;<strong>Santo Andr\u00e9<\/strong>,&nbsp;Serra Redonda,&nbsp;Soledade,&nbsp;<strong>Tapero\u00e1<\/strong>&nbsp;e Ten\u00f3rio.<\/p>\n","protected":false},"excerpt":{"rendered":"<p>Diante da imin\u00eancia do colapso da rede de sa\u00fade de Campina Grande (PB), o Minist\u00e9rio P\u00fablico Federal (MPF), o Minist\u00e9rio P\u00fablico do Trabalho (MPT) e&hellip; <\/p>\n","protected":false},"author":2,"featured_media":171850,"comment_status":"closed","ping_status":"closed","sticky":false,"template":"","format":"standard","meta":{"sfsi_plus_gutenberg_text_before_share":"","sfsi_plus_gutenberg_show_text_before_share":"","sfsi_plus_gutenberg_icon_type":"","sfsi_plus_gutenberg_icon_alignemt":"","sfsi_plus_gutenburg_max_per_row":"","footnotes":""},"categories":[2],"tags":[],"class_list":["post-171849","post","type-post","status-publish","format-standard","has-post-thumbnail","hentry","category-geral"],"_links":{"self":[{"href":"https:\/\/www.caririemacao.com\/1\/wp-json\/wp\/v2\/posts\/171849","targetHints":{"allow":["GET"]}}],"collection":[{"href":"https:\/\/www.caririemacao.com\/1\/wp-json\/wp\/v2\/posts"}],"about":[{"href":"https:\/\/www.caririemacao.com\/1\/wp-json\/wp\/v2\/types\/post"}],"author":[{"embeddable":true,"href":"https:\/\/www.caririemacao.com\/1\/wp-json\/wp\/v2\/users\/2"}],"replies":[{"embeddable":true,"href":"https:\/\/www.caririemacao.com\/1\/wp-json\/wp\/v2\/comments?post=171849"}],"version-history":[{"count":1,"href":"https:\/\/www.caririemacao.com\/1\/wp-json\/wp\/v2\/posts\/171849\/revisions"}],"predecessor-version":[{"id":171851,"href":"https:\/\/www.caririemacao.com\/1\/wp-json\/wp\/v2\/posts\/171849\/revisions\/171851"}],"wp:featuredmedia":[{"embeddable":true,"href":"https:\/\/www.caririemacao.com\/1\/wp-json\/wp\/v2\/media\/171850"}],"wp:attachment":[{"href":"https:\/\/www.caririemacao.com\/1\/wp-json\/wp\/v2\/media?parent=171849"}],"wp:term":[{"taxonomy":"category","embeddable":true,"href":"https:\/\/www.caririemacao.com\/1\/wp-json\/wp\/v2\/categories?post=171849"},{"taxonomy":"post_tag","embeddable":true,"href":"https:\/\/www.caririemacao.com\/1\/wp-json\/wp\/v2\/tags?post=171849"}],"curies":[{"name":"wp","href":"https:\/\/api.w.org\/{rel}","templated":true}]}}