{"id":171853,"date":"2020-05-28T09:07:22","date_gmt":"2020-05-28T12:07:22","guid":{"rendered":"https:\/\/www.caririemacao.com\/1\/?p=171853"},"modified":"2020-05-28T09:07:22","modified_gmt":"2020-05-28T12:07:22","slug":"assembleia-legislativa-inicia-debates-para-elaborar-plano-de-reabertura-do-comercio-industrias-e-servicos-na-paraiba","status":"publish","type":"post","link":"https:\/\/www.caririemacao.com\/1\/2020\/05\/28\/assembleia-legislativa-inicia-debates-para-elaborar-plano-de-reabertura-do-comercio-industrias-e-servicos-na-paraiba\/","title":{"rendered":"Assembleia Legislativa inicia debates para elaborar plano de reabertura do com\u00e9rcio, ind\u00fastrias e servi\u00e7os na Para\u00edba"},"content":{"rendered":"\n<h1 class=\"wp-block-heading\"><\/h1>\n\n\n\n<p>O presidente da Assembleia Legislativa, deputado Adriano Galdino, vai debater a reabertura do com\u00e9rcio, ind\u00fastrias e setor de servi\u00e7os na Para\u00edba durante a pandemia do novo coronav\u00edrus. A informa\u00e7\u00e3o foi divulgada pelo parlamentar na tarde desta quarta-feira (27) em entrevista ao Arapuan Verdade, da r\u00e1dio Arapuan FM.<\/p>\n\n\n\n<p>\u201cNa pr\u00f3xima sess\u00e3o eu j\u00e1 trago essa discuss\u00e3o para que n\u00f3s possamos abrir um canal de conversa, de di\u00e1logo, de posicionamento, de plano emergencial, para que possamos ter no menor espa\u00e7o de tempo poss\u00edvel um plano para que, no momento oportuno, tenhamos a abertura do com\u00e9rcio e das ind\u00fastrias de forma segura\u201d, revelou o presidente da Assembleia Legislativa.<\/p>\n\n\n\n<p>Adriano Galdino pontuou a import\u00e2ncia do isolamento social, mas argumentou que \u00e9 preciso j\u00e1 pensar no retorno \u00e0 rotina normal das atividades. \u201cEu sigo a recomenda\u00e7\u00e3o dos especialistas. Os especialistas dizem que o isolamento social \u00e9 uma conduta correta para diminuir, sim, o cont\u00e1gio. Agora, \u00e9 claro que n\u00f3s precisamos j\u00e1 debater e j\u00e1 abrir a discuss\u00e3o para a volta da economia, para a volta da abertura do com\u00e9rcio, das empresas, para que n\u00f3s possamos dialogar com esse momento e chegar a esse momento com um plano j\u00e1 elaborado, j\u00e1 pronto para convivermos com essa situa\u00e7\u00e3o.\u201d<\/p>\n\n\n\n<p>O deputado lembrou da import\u00e2ncia do uso de equipamento de prote\u00e7\u00e3o individual. \u201cEsse plano passa essencialmente pela quest\u00e3o da seguran\u00e7a. N\u00f3s precisamos, por exemplo, abrir o com\u00e9rcio, mas esse com\u00e9rcio tem que ser aberto dando total seguran\u00e7a ao propriet\u00e1rio do com\u00e9rcio, aos funcion\u00e1rios do com\u00e9rcio, aos clientes desse com\u00e9rcio e ao povo que mora pr\u00f3ximo a esse com\u00e9rcio. Esse plano passa por equipamentos de seguran\u00e7a.\u201d<\/p>\n","protected":false},"excerpt":{"rendered":"<p>O presidente da Assembleia Legislativa, deputado Adriano Galdino, vai debater a reabertura do com\u00e9rcio, ind\u00fastrias e setor de servi\u00e7os na Para\u00edba durante a pandemia do&hellip; <\/p>\n","protected":false},"author":2,"featured_media":171854,"comment_status":"closed","ping_status":"closed","sticky":false,"template":"","format":"standard","meta":{"sfsi_plus_gutenberg_text_before_share":"","sfsi_plus_gutenberg_show_text_before_share":"","sfsi_plus_gutenberg_icon_type":"","sfsi_plus_gutenberg_icon_alignemt":"","sfsi_plus_gutenburg_max_per_row":"","footnotes":""},"categories":[2],"tags":[],"class_list":["post-171853","post","type-post","status-publish","format-standard","has-post-thumbnail","hentry","category-geral"],"_links":{"self":[{"href":"https:\/\/www.caririemacao.com\/1\/wp-json\/wp\/v2\/posts\/171853","targetHints":{"allow":["GET"]}}],"collection":[{"href":"https:\/\/www.caririemacao.com\/1\/wp-json\/wp\/v2\/posts"}],"about":[{"href":"https:\/\/www.caririemacao.com\/1\/wp-json\/wp\/v2\/types\/post"}],"author":[{"embeddable":true,"href":"https:\/\/www.caririemacao.com\/1\/wp-json\/wp\/v2\/users\/2"}],"replies":[{"embeddable":true,"href":"https:\/\/www.caririemacao.com\/1\/wp-json\/wp\/v2\/comments?post=171853"}],"version-history":[{"count":1,"href":"https:\/\/www.caririemacao.com\/1\/wp-json\/wp\/v2\/posts\/171853\/revisions"}],"predecessor-version":[{"id":171855,"href":"https:\/\/www.caririemacao.com\/1\/wp-json\/wp\/v2\/posts\/171853\/revisions\/171855"}],"wp:featuredmedia":[{"embeddable":true,"href":"https:\/\/www.caririemacao.com\/1\/wp-json\/wp\/v2\/media\/171854"}],"wp:attachment":[{"href":"https:\/\/www.caririemacao.com\/1\/wp-json\/wp\/v2\/media?parent=171853"}],"wp:term":[{"taxonomy":"category","embeddable":true,"href":"https:\/\/www.caririemacao.com\/1\/wp-json\/wp\/v2\/categories?post=171853"},{"taxonomy":"post_tag","embeddable":true,"href":"https:\/\/www.caririemacao.com\/1\/wp-json\/wp\/v2\/tags?post=171853"}],"curies":[{"name":"wp","href":"https:\/\/api.w.org\/{rel}","templated":true}]}}