{"id":171871,"date":"2020-05-28T09:23:37","date_gmt":"2020-05-28T12:23:37","guid":{"rendered":"https:\/\/www.caririemacao.com\/1\/?p=171871"},"modified":"2020-05-28T09:23:37","modified_gmt":"2020-05-28T12:23:37","slug":"zeca-camargo-e-demitido-da-globo-apos-24-anos","status":"publish","type":"post","link":"https:\/\/www.caririemacao.com\/1\/2020\/05\/28\/zeca-camargo-e-demitido-da-globo-apos-24-anos\/","title":{"rendered":"Zeca Camargo \u00e9 demitido da Globo ap\u00f3s 24 anos"},"content":{"rendered":"\n<h1 class=\"wp-block-heading\"><\/h1>\n\n\n\n<p>O jornalista e apresentador Zeca Camargo&nbsp;n\u00e3o faz mais parte do quadro de funcion\u00e1rios da Globo. O an\u00fancio foi feito pela pr\u00f3pria emissora carioca, que divulgou uma nota em que faz um balan\u00e7o da passagem do profissional pelo canal, que durou 24 anos.<\/p>\n\n\n\n<p>De acordo com informa\u00e7\u00f5es divulgadas pelo colunista Jo\u00e3o Batista Jr., da revista Veja, a sa\u00edda de Zeca faz&nbsp;parte da nova pol\u00edtica de corte de gastos do Grupo Globo&nbsp;e a decis\u00e3o foi anunciada na tarde desta quarta-feira (27).<\/p>\n","protected":false},"excerpt":{"rendered":"<p>O jornalista e apresentador Zeca Camargo&nbsp;n\u00e3o faz mais parte do quadro de funcion\u00e1rios da Globo. O an\u00fancio foi feito pela pr\u00f3pria emissora carioca, que divulgou&hellip; <\/p>\n","protected":false},"author":2,"featured_media":171872,"comment_status":"closed","ping_status":"closed","sticky":false,"template":"","format":"standard","meta":{"sfsi_plus_gutenberg_text_before_share":"","sfsi_plus_gutenberg_show_text_before_share":"","sfsi_plus_gutenberg_icon_type":"","sfsi_plus_gutenberg_icon_alignemt":"","sfsi_plus_gutenburg_max_per_row":"","footnotes":""},"categories":[2],"tags":[],"class_list":["post-171871","post","type-post","status-publish","format-standard","has-post-thumbnail","hentry","category-geral"],"_links":{"self":[{"href":"https:\/\/www.caririemacao.com\/1\/wp-json\/wp\/v2\/posts\/171871","targetHints":{"allow":["GET"]}}],"collection":[{"href":"https:\/\/www.caririemacao.com\/1\/wp-json\/wp\/v2\/posts"}],"about":[{"href":"https:\/\/www.caririemacao.com\/1\/wp-json\/wp\/v2\/types\/post"}],"author":[{"embeddable":true,"href":"https:\/\/www.caririemacao.com\/1\/wp-json\/wp\/v2\/users\/2"}],"replies":[{"embeddable":true,"href":"https:\/\/www.caririemacao.com\/1\/wp-json\/wp\/v2\/comments?post=171871"}],"version-history":[{"count":1,"href":"https:\/\/www.caririemacao.com\/1\/wp-json\/wp\/v2\/posts\/171871\/revisions"}],"predecessor-version":[{"id":171873,"href":"https:\/\/www.caririemacao.com\/1\/wp-json\/wp\/v2\/posts\/171871\/revisions\/171873"}],"wp:featuredmedia":[{"embeddable":true,"href":"https:\/\/www.caririemacao.com\/1\/wp-json\/wp\/v2\/media\/171872"}],"wp:attachment":[{"href":"https:\/\/www.caririemacao.com\/1\/wp-json\/wp\/v2\/media?parent=171871"}],"wp:term":[{"taxonomy":"category","embeddable":true,"href":"https:\/\/www.caririemacao.com\/1\/wp-json\/wp\/v2\/categories?post=171871"},{"taxonomy":"post_tag","embeddable":true,"href":"https:\/\/www.caririemacao.com\/1\/wp-json\/wp\/v2\/tags?post=171871"}],"curies":[{"name":"wp","href":"https:\/\/api.w.org\/{rel}","templated":true}]}}