{"id":171875,"date":"2020-05-28T10:11:33","date_gmt":"2020-05-28T13:11:33","guid":{"rendered":"https:\/\/www.caririemacao.com\/1\/?p=171875"},"modified":"2020-05-28T10:11:33","modified_gmt":"2020-05-28T13:11:33","slug":"barra-de-sao-miguel-confirma-primeiro-caso-de-obito-por-covid-19-no-municipio","status":"publish","type":"post","link":"https:\/\/www.caririemacao.com\/1\/2020\/05\/28\/barra-de-sao-miguel-confirma-primeiro-caso-de-obito-por-covid-19-no-municipio\/","title":{"rendered":"Barra de S\u00e3o Miguel confirma primeiro caso de \u00f3bito por Covid-19 no munic\u00edpio"},"content":{"rendered":"\n<h1 class=\"wp-block-heading\"><\/h1>\n\n\n\n<p>O Governo do Estado da Para\u00edba, atrav\u00e9s da Secretaria de&nbsp; Sa\u00fade, confirmou nesta quarta-feira (27) que o homem de 61 anos, que faleceu no dia 20 de maio, &nbsp;no Hospital Pedro I, em Campina Grande, testou positivo para o Covid-19.<\/p>\n\n\n\n<p>A Prefeitura de Barra de S\u00e3o Miguel emitiu uma nota explicando a situa\u00e7\u00e3o, no inicio da noite desta quarta-feira (27). O boletim epidemiol\u00f3gico da Prefeitura Municipal informa o primeiro \u00f3bito por Covid-19, na cidade.<\/p>\n\n\n\n<p><strong>Veja a nota:<\/strong><\/p>\n\n\n\n<p><em>Prezando pela transpar\u00eancia dos fatos, viemos a p\u00fablico informar o registro do 3\u00b0 caso confirmado da Covid-19, e infelizmente com o 1\u00b0 \u00f3bito de nosso munic\u00edpio. O \u00f3bito trata-se de um homem, 61 anos de idade, portador de diabetes, hipertens\u00e3o, doen\u00e7a neurol\u00f3gica e doen\u00e7a cardiovascular. In\u00edcio dos sintomas 04\/05, transferido do munic\u00edpio de origem para o Hospital Regional de Queimadas, e posteriormente para o Hospital de Campanha Pedro I, na cidade de Campina Grande-PB, onde veio a falecer no dia 20\/05. No laudo m\u00e9dico n\u00e3o consta COVID-19, e sim outras causas distintas. Contudo, apenas hoje, dia 27\/05 recebemos a confirma\u00e7\u00e3o da Secretaria Estadual de Sa\u00fade, que o mesmo teve resultado positivo para o Coronav\u00edrus.<\/em><\/p>\n\n\n\n<p><em>Seguimos com 3 casos suspeitos recebendo o devido acompanhamento e com boas condi\u00e7\u00f5es cl\u00ednicas de sa\u00fade; 20 pessoas sendo monitoradas (em quarentena); 21 casos descartados; 3 casos confirmados; 1 caso curado; 1 \u00f3bito.<\/em><\/p>\n\n\n\n<p><em>\u00c9 importante informar que desde o surgimento do novo coronav\u00edrus, a Prefeitura de Barra de S\u00e3o Miguel tomou uma s\u00e9rie de a\u00e7\u00f5es para diminuir o impacto da doen\u00e7a na popula\u00e7\u00e3o. A partir de ent\u00e3o o trabalho foi crescente, incluindo a\u00e7\u00f5es que foram desde a reorganiza\u00e7\u00e3o da rede de sa\u00fade do munic\u00edpio at\u00e9 as barreiras sanit\u00e1rias e campanhas informativas.<\/em><\/p>\n\n\n\n<p><em>Informamos ainda que temos dois n\u00fameros (plant\u00f5es) dispon\u00edveis 24 horas para d\u00favidas dos mun\u00edcipes, que s\u00e3o: 98694-2124 (Plant\u00e3o Sa\u00fade 24 horas) ou 98878-0424 (Secret\u00e1ria de Sa\u00fade). A secretaria lembra que em todos os casos suspeitos, os pacientes s\u00e3o orientados a cumprirem o isolamento de acordo com os protocolos de sa\u00fade.<\/em><\/p>\n\n\n\n<p><em>Sobre o registro do \u00f3bito, prestamos nossas condol\u00eancias \u00e0 fam\u00edlia, desejando que Deus acalente a todos que sofrem com a perda do ente querido.<\/em><\/p>\n\n\n\n<p><em>Fa\u00e7a sua parte, fique em casa e caso tenha que sair, evite aglomera\u00e7\u00f5es e use m\u00e1scaras.<\/em><\/p>\n","protected":false},"excerpt":{"rendered":"<p>O Governo do Estado da Para\u00edba, atrav\u00e9s da Secretaria de&nbsp; Sa\u00fade, confirmou nesta quarta-feira (27) que o homem de 61 anos, que faleceu no dia&hellip; <\/p>\n","protected":false},"author":2,"featured_media":170821,"comment_status":"closed","ping_status":"closed","sticky":false,"template":"","format":"standard","meta":{"sfsi_plus_gutenberg_text_before_share":"","sfsi_plus_gutenberg_show_text_before_share":"","sfsi_plus_gutenberg_icon_type":"","sfsi_plus_gutenberg_icon_alignemt":"","sfsi_plus_gutenburg_max_per_row":"","footnotes":""},"categories":[2],"tags":[],"class_list":["post-171875","post","type-post","status-publish","format-standard","has-post-thumbnail","hentry","category-geral"],"_links":{"self":[{"href":"https:\/\/www.caririemacao.com\/1\/wp-json\/wp\/v2\/posts\/171875","targetHints":{"allow":["GET"]}}],"collection":[{"href":"https:\/\/www.caririemacao.com\/1\/wp-json\/wp\/v2\/posts"}],"about":[{"href":"https:\/\/www.caririemacao.com\/1\/wp-json\/wp\/v2\/types\/post"}],"author":[{"embeddable":true,"href":"https:\/\/www.caririemacao.com\/1\/wp-json\/wp\/v2\/users\/2"}],"replies":[{"embeddable":true,"href":"https:\/\/www.caririemacao.com\/1\/wp-json\/wp\/v2\/comments?post=171875"}],"version-history":[{"count":1,"href":"https:\/\/www.caririemacao.com\/1\/wp-json\/wp\/v2\/posts\/171875\/revisions"}],"predecessor-version":[{"id":171878,"href":"https:\/\/www.caririemacao.com\/1\/wp-json\/wp\/v2\/posts\/171875\/revisions\/171878"}],"wp:featuredmedia":[{"embeddable":true,"href":"https:\/\/www.caririemacao.com\/1\/wp-json\/wp\/v2\/media\/170821"}],"wp:attachment":[{"href":"https:\/\/www.caririemacao.com\/1\/wp-json\/wp\/v2\/media?parent=171875"}],"wp:term":[{"taxonomy":"category","embeddable":true,"href":"https:\/\/www.caririemacao.com\/1\/wp-json\/wp\/v2\/categories?post=171875"},{"taxonomy":"post_tag","embeddable":true,"href":"https:\/\/www.caririemacao.com\/1\/wp-json\/wp\/v2\/tags?post=171875"}],"curies":[{"name":"wp","href":"https:\/\/api.w.org\/{rel}","templated":true}]}}