{"id":171876,"date":"2020-05-28T10:14:18","date_gmt":"2020-05-28T13:14:18","guid":{"rendered":"https:\/\/www.caririemacao.com\/1\/?p=171876"},"modified":"2020-05-28T10:14:18","modified_gmt":"2020-05-28T13:14:18","slug":"pnad-continua-taxa-de-desocupacao-e-de-126-e-taxa-de-subutilizacao-e-de-256-no-trimestre-encerrado-em-abril-de-2020","status":"publish","type":"post","link":"https:\/\/www.caririemacao.com\/1\/2020\/05\/28\/pnad-continua-taxa-de-desocupacao-e-de-126-e-taxa-de-subutilizacao-e-de-256-no-trimestre-encerrado-em-abril-de-2020\/","title":{"rendered":"PNAD Cont\u00ednua: taxa de desocupa\u00e7\u00e3o \u00e9 de 12,6% e taxa de subutiliza\u00e7\u00e3o \u00e9 de 25,6% no trimestre encerrado em abril de 2020"},"content":{"rendered":"\n<p>A\u00a0taxa de desocupa\u00e7\u00e3o\u00a0(12,6%) no trimestre m\u00f3vel encerrado em abril de 2020, cresceu 1,3 ponto percentual em rela\u00e7\u00e3o ao trimestre de novembro de 2019 a janeiro de 2020 (11,2%) e ficou estatisticamente est\u00e1vel em rela\u00e7\u00e3o ao mesmo trimestre de 2019 (12,5%).<\/p>\n\n\n\n<figure class=\"wp-block-table\"><table><tbody><tr><th>Indicador\/Per\u00edodo<\/th><th>Fev-Mar-Abr 2020<\/th><th>Nov-Dez-Jan 2020<\/th><th>Fev-Mar-Abr 2019<\/th><\/tr><tr><td>Taxa de desocupa\u00e7\u00e3o<\/td><td>12,6%<\/td><td>11,2%<\/td><td>12,5%<\/td><\/tr><tr><td>Taxa de subutiliza\u00e7\u00e3o<\/td><td>25,6%<\/td><td>23,2%<\/td><td>24,9%<\/td><\/tr><tr><td>Rendimento real habitual<\/td><td>R$ 2.425<\/td><td>R$ 2.378<\/td><td>R$ 2.366<\/td><\/tr><tr><td>Varia\u00e7\u00e3o do rendimento habitual em rela\u00e7\u00e3o a:<\/td><td>2,0%<\/td><td>2,5%<\/td><\/tr><\/tbody><\/table><\/figure>\n\n\n\n<p>A\u00a0popula\u00e7\u00e3o desocupada\u00a0(12,8 milh\u00f5es de pessoas) teve aumento de 7,5% (898 mil pessoas a mais) frente ao trimestre m\u00f3vel anterior (11,9 milh\u00f5es de pessoas) e ficou estatisticamente est\u00e1vel frente ao mesmo trimestre de 2019 (13,2 milh\u00f5es de pessoas).<\/p>\n\n\n\n<p>A\u00a0popula\u00e7\u00e3o ocupada\u00a0(89,2 milh\u00f5es) caiu 5,2% em rela\u00e7\u00e3o ao trimestre anterior (4,9 milh\u00f5es de pessoas a menos) e de 3,4% (3,1 milh\u00f5es de pessoas a menos) em rela\u00e7\u00e3o ao mesmo trimestre de 2019. Ambas as quedas foram recordes da s\u00e9rie hist\u00f3rica.<\/p>\n\n\n\n<p>O\u00a0n\u00edvel da ocupa\u00e7\u00e3o\u00a0(percentual de pessoas ocupadas na popula\u00e7\u00e3o em idade de trabalhar) caiu para 51,6%, o menor da s\u00e9rie hist\u00f3rica iniciada em 2012, com redu\u00e7\u00e3o de 3,2 p.p. frente ao trimestre anterior (54,8%) e de 2,6 p.p. frente a igual trimestre de 2019 (54,2%).<\/p>\n\n\n\n<p>A\u00a0taxa composta de subutiliza\u00e7\u00e3o\u00a0(25,6%) foi recorde da s\u00e9rie, crescendo 2,5 p.p. em rela\u00e7\u00e3o ao trimestre anterior (23,2%) e 0,7 p.p. frente a igual trimestre de 2019 (24,9%).<\/p>\n\n\n\n<p>A\u00a0popula\u00e7\u00e3o subutilizada\u00a0(28,7 milh\u00f5es de pessoas) foi recorde da s\u00e9rie, crescendo 8,7% (2,3 milh\u00f5es pessoas a mais) frente ao trimestre anterior (26,4 milh\u00f5es de pessoas) e ficando estatisticamente est\u00e1vel frente a igual trimestre de 2019 (28,4 milh\u00f5es de pessoas).<\/p>\n\n\n\n<p>A\u00a0popula\u00e7\u00e3o fora da for\u00e7a de trabalho\u00a0(70,9 milh\u00f5es de pessoas) apresentou novo recorde na s\u00e9rie iniciada em 2012, com altas de 7,9% (mais 5,2 milh\u00f5es de pessoas) em rela\u00e7\u00e3o ao trimestre anterior e de 9,2% (mais 6,0 milh\u00f5es) quanto a igual per\u00edodo de 2019.<\/p>\n\n\n\n<p>A\u00a0popula\u00e7\u00e3o desalentada\u00a0(5,0 milh\u00f5es) foi recorde da s\u00e9rie, crescendo 7,0% em rela\u00e7\u00e3o ao trimestre anterior e apresentou estabilidade em rela\u00e7\u00e3o ao mesmo per\u00edodo de 2019.<\/p>\n\n\n\n<p>O\u00a0percentual de desalentados\u00a0em rela\u00e7\u00e3o \u00e0 popula\u00e7\u00e3o na for\u00e7a de trabalho ou desalentada (4,7%) tamb\u00e9m foi recorde, subindo 0,5 ponto percentual em rela\u00e7\u00e3o ao trimestre anterior (4,2%) e 0,3 p.p. comparado a igual trimestre do ano anterior (4,4%).<\/p>\n\n\n\n<p>O n\u00famero de\u00a0empregados com carteira de trabalho assinada\u00a0no setor privado (exclusive trabalhadores dom\u00e9sticos) caiu para 32,2 milh\u00f5es de pessoas, menor n\u00edvel da s\u00e9rie hist\u00f3rica, caindo 4,5% frente ao trimestre anterior e 2,8% frente ao mesmo trimestre de 2019.<\/p>\n\n\n\n<p>O n\u00famero de empregados\u00a0sem carteira assinada\u00a0no setor privado (10,1 milh\u00f5es de pessoas) caiu 13,2% em rela\u00e7\u00e3o ao trimestre anterior e 9,7% contra o mesmo trimestre de 2019.<\/p>\n\n\n\n<p>O n\u00famero de\u00a0trabalhadores por conta pr\u00f3pria\u00a0caiu para 23,4 milh\u00f5es de pessoas, uma redu\u00e7\u00e3o de 4,9% em rela\u00e7\u00e3o ao trimestre anterior e de 2,1% frente igual per\u00edodo de 2019.<\/p>\n\n\n\n<p>A\u00a0taxa de informalidade\u00a0foi de 38,8% da popula\u00e7\u00e3o ocupada, representando um contingente de 34,6 milh\u00f5es de trabalhadores informais, o menor da s\u00e9rie, iniciada em 2016. No trimestre anterior, a taxa havia sido 40,7% e no mesmo trimestre de 2019, 40,9%.<\/p>\n\n\n\n<p>O\u00a0rendimento real habitual\u00a0(R$ 2.425) subiu 2,0% frente ao trimestre anterior e 2,5% rela\u00e7\u00e3o ao mesmo trimestre de 2019. J\u00e1 a\u00a0massa de rendimento real habitual\u00a0(R$ 211,6 bilh\u00f5es) recuou 3,3% frente ao trimestre anterior (R$ 218,9 bilh\u00f5es) e ficou estatisticamente est\u00e1vel frente ao mesmo per\u00edodo de 2019 (R$ 213,3 bilh\u00f5es).<\/p>\n\n\n\n<p><strong>Taxa de desocupa\u00e7\u00e3o \u2013 Brasil \u2013 2012-2020 (%)<\/strong><\/p>\n\n\n\n<figure class=\"wp-block-image\"><img decoding=\"async\" data-src=\"https:\/\/agenciadenoticias.ibge.gov.br\/images\/agenciadenoticias\/estatisticas_sociais\/2020_05\/imagem1.png\" alt=\"\" src=\"data:image\/svg+xml;base64,PHN2ZyB3aWR0aD0iMSIgaGVpZ2h0PSIxIiB4bWxucz0iaHR0cDovL3d3dy53My5vcmcvMjAwMC9zdmciPjwvc3ZnPg==\" class=\"lazyload\" \/><\/figure>\n\n\n\n<p>Nos\u00a0grupamentos de atividades, frente ao trimestre anterior, a ocupa\u00e7\u00e3o cresceu apenas no grupamento de Administra\u00e7\u00e3o P\u00fablica, Defesa, Seguridade Social, Educa\u00e7\u00e3o, Sa\u00fade Humana e Servi\u00e7os Sociais (1,8%).<\/p>\n\n\n\n<p>Por outro lado, houve redu\u00e7\u00e3o em sete atividades: Ind\u00fastria (-5,6%), Constru\u00e7\u00e3o (-13,1%), Com\u00e9rcio e Repara\u00e7\u00e3o de Ve\u00edculos (-6,8%), Transporte, Armazenamento e Correio (-4,9%), Alojamento e Alimenta\u00e7\u00e3o (-12,4%), Outros Servi\u00e7os (-7,2%) e Servi\u00e7os Dom\u00e9sticos<br>(-11,6%).<\/p>\n\n\n\n<p>Frente a igual trimestre de 2019, tamb\u00e9m s\u00f3 houve alta no grupamento que envolve a Administra\u00e7\u00e3o P\u00fablica (2,9%). Nessa compara\u00e7\u00e3o, as quedas foram: Ind\u00fastria (-2,9%), Constru\u00e7\u00e3o (-10,2%), Com\u00e9rcio e Repara\u00e7\u00e3o de Ve\u00edculos (-4,5%), Alojamento e Alimenta\u00e7\u00e3o (-9,3%) e Servi\u00e7os dom\u00e9sticos (-10,1%).<\/p>\n\n\n\n<p>A\u00a0for\u00e7a de trabalho\u00a0(pessoas ocupadas e desocupadas), estimada em 102,1 milh\u00f5es de pessoas, caiu 3,8% (4,0 milh\u00f5es de pessoas a menos) comparada ao trimestre anterior e teve uma redu\u00e7\u00e3o de 3,5 milh\u00f5es de pessoas em rela\u00e7\u00e3o a igual per\u00edodo de 2019.<\/p>\n\n\n\n<p>O n\u00famero de\u00a0empregadores\u00a0(4,2 milh\u00f5es de pessoas) recuou 5,1% (-226 mil pessoas) em rela\u00e7\u00e3o ao trimestre anterior, mas ficou estatisticamente est\u00e1vel em rela\u00e7\u00e3o ao mesmo trimestre de 2019.<\/p>\n\n\n\n<p>A categoria dos\u00a0trabalhadores dom\u00e9sticos, estimada em 5,5 milh\u00f5es de pessoas, apresentou redu\u00e7\u00e3o de 11,8% no confronto com o trimestre anterior e de 10,1% frente a igual per\u00edodo do ano anterior.<\/p>\n\n\n\n<p>J\u00e1 o grupo dos empregados no\u00a0setor p\u00fablico\u00a0(11,9 milh\u00f5es de pessoas), que inclui servidores estatut\u00e1rios e militares, apresentou aumento de 3,3% (mais 379 mil pessoas) frente ao trimestre anterior e de 3,9% (mais 442 mil pessoas) no confronto com igual per\u00edodo do ano anterior.<\/p>\n\n\n\n<p>O n\u00famero de\u00a0subocupados por insufici\u00eancia de horas\u00a0trabalhadas (6,1 milh\u00f5es) recuou 7,6% frente ao trimestre anterior (501 mil pessoas a menos) e 12,8% frente a igual per\u00edodo de 2019, quando havia no Brasil 7,0 milh\u00f5es de pessoas subocupadas.<\/p>\n\n\n\n<p><strong>Taxa composta de subutiliza\u00e7\u00e3o \u2013 trimestres de fevereiro a abril \u2013 2012 a 2020 \u2013 Brasil (%)<\/strong><\/p>\n\n\n\n<figure class=\"wp-block-image\"><img decoding=\"async\" data-src=\"https:\/\/agenciadenoticias.ibge.gov.br\/images\/agenciadenoticias\/estatisticas_sociais\/2020_05\/imagem2.png\" alt=\"\" src=\"data:image\/svg+xml;base64,PHN2ZyB3aWR0aD0iMSIgaGVpZ2h0PSIxIiB4bWxucz0iaHR0cDovL3d3dy53My5vcmcvMjAwMC9zdmciPjwvc3ZnPg==\" class=\"lazyload\" \/><\/figure>\n\n\n\n<p>Em rela\u00e7\u00e3o ao\u00a0rendimento m\u00e9dio real habitual, todos os grupamentos de atividades apresentaram estabilidade tanto na compara\u00e7\u00e3o com o trimestre anterior quanto em rela\u00e7\u00e3o ao mesmo per\u00edodo do ano anterior.<\/p>\n\n\n\n<p>Mas, entre as categorias, houve aumento no rendimento m\u00e9dio real habitual dos\u00a0empregados com carteira assinada\u00a0(3,2%) e redu\u00e7\u00e3o no dos\u00a0empregados no setor p\u00fablico\u00a0(-2,4%) frente ao trimestre anterior. Em rela\u00e7\u00e3o ao mesmo per\u00edodo do ano passado, houve aumento na categoria dos\u00a0<strong>empregados sem carteira<\/strong>\u00a0(9,2%).<\/p>\n\n\n\n<p><strong>Rendimento m\u00e9dio mensal real habitualmente recebido no m\u00eas de refer\u00eancia, de todos os trabalhos das pessoas ocupadas \u2013 Brasil \u2013 2012\/2020 (R$)<\/strong><\/p>\n\n\n\n<figure class=\"wp-block-image\"><img decoding=\"async\" data-src=\"https:\/\/agenciadenoticias.ibge.gov.br\/images\/agenciadenoticias\/estatisticas_sociais\/2020_05\/imagem333.png\" alt=\"\" src=\"data:image\/svg+xml;base64,PHN2ZyB3aWR0aD0iMSIgaGVpZ2h0PSIxIiB4bWxucz0iaHR0cDovL3d3dy53My5vcmcvMjAwMC9zdmciPjwvc3ZnPg==\" class=\"lazyload\" \/><\/figure>\n","protected":false},"excerpt":{"rendered":"<p>A\u00a0taxa de desocupa\u00e7\u00e3o\u00a0(12,6%) no trimestre m\u00f3vel encerrado em abril de 2020, cresceu 1,3 ponto percentual em rela\u00e7\u00e3o ao trimestre de novembro de 2019 a janeiro&hellip; <\/p>\n","protected":false},"author":1,"featured_media":171880,"comment_status":"closed","ping_status":"closed","sticky":false,"template":"","format":"standard","meta":{"sfsi_plus_gutenberg_text_before_share":"","sfsi_plus_gutenberg_show_text_before_share":"","sfsi_plus_gutenberg_icon_type":"","sfsi_plus_gutenberg_icon_alignemt":"","sfsi_plus_gutenburg_max_per_row":"","footnotes":""},"categories":[50,2],"tags":[],"class_list":["post-171876","post","type-post","status-publish","format-standard","has-post-thumbnail","hentry","category-destaque","category-geral"],"_links":{"self":[{"href":"https:\/\/www.caririemacao.com\/1\/wp-json\/wp\/v2\/posts\/171876","targetHints":{"allow":["GET"]}}],"collection":[{"href":"https:\/\/www.caririemacao.com\/1\/wp-json\/wp\/v2\/posts"}],"about":[{"href":"https:\/\/www.caririemacao.com\/1\/wp-json\/wp\/v2\/types\/post"}],"author":[{"embeddable":true,"href":"https:\/\/www.caririemacao.com\/1\/wp-json\/wp\/v2\/users\/1"}],"replies":[{"embeddable":true,"href":"https:\/\/www.caririemacao.com\/1\/wp-json\/wp\/v2\/comments?post=171876"}],"version-history":[{"count":1,"href":"https:\/\/www.caririemacao.com\/1\/wp-json\/wp\/v2\/posts\/171876\/revisions"}],"predecessor-version":[{"id":171881,"href":"https:\/\/www.caririemacao.com\/1\/wp-json\/wp\/v2\/posts\/171876\/revisions\/171881"}],"wp:featuredmedia":[{"embeddable":true,"href":"https:\/\/www.caririemacao.com\/1\/wp-json\/wp\/v2\/media\/171880"}],"wp:attachment":[{"href":"https:\/\/www.caririemacao.com\/1\/wp-json\/wp\/v2\/media?parent=171876"}],"wp:term":[{"taxonomy":"category","embeddable":true,"href":"https:\/\/www.caririemacao.com\/1\/wp-json\/wp\/v2\/categories?post=171876"},{"taxonomy":"post_tag","embeddable":true,"href":"https:\/\/www.caririemacao.com\/1\/wp-json\/wp\/v2\/tags?post=171876"}],"curies":[{"name":"wp","href":"https:\/\/api.w.org\/{rel}","templated":true}]}}