{"id":171882,"date":"2020-05-28T10:16:53","date_gmt":"2020-05-28T13:16:53","guid":{"rendered":"https:\/\/www.caririemacao.com\/1\/?p=171882"},"modified":"2020-05-28T10:18:12","modified_gmt":"2020-05-28T13:18:12","slug":"ibge-divulga-o-rendimento-domiciliar-per-capita-e-o-coeficiente-de-desequilibrio-regional-2019","status":"publish","type":"post","link":"https:\/\/www.caririemacao.com\/1\/2020\/05\/28\/ibge-divulga-o-rendimento-domiciliar-per-capita-e-o-coeficiente-de-desequilibrio-regional-2019\/","title":{"rendered":"IBGE divulga o rendimento domiciliar per capita e o coeficiente de desequil\u00edbrio regional 2019"},"content":{"rendered":"\n<p>O IBGE divulga hoje (28) os valores de rendimento mensal domiciliar per capita (RDPC) e os coeficientes de desequil\u00edbrio regional (CDR) referentes a 2019 para as regi\u00f5es Norte, Nordeste e Centro-Oeste, calculados com base na Pesquisa Nacional por Amostra de Domic\u00edlios Cont\u00ednua (PNAD Cont\u00ednua). Essa\u00a0<a rel=\"noreferrer noopener\" href=\"https:\/\/www.ibge.gov.br\/estatisticas\/sociais\/populacao\/17270-pnad-continua.html?=&amp;t=coeficiente-de-desequilibrio-regional\" target=\"_blank\">divulga\u00e7\u00e3o\u00a0<\/a>atende ao Decreto 9.291 de 2018.\u00a0<\/p>\n\n\n\n<figure class=\"wp-block-image size-large\"><img fetchpriority=\"high\" decoding=\"async\" width=\"793\" height=\"425\" src=\"https:\/\/www.caririemacao.com\/1\/wp-content\/uploads\/2020\/05\/fdswgtgsdfgfg.png\" alt=\"\" class=\"wp-image-171883\" srcset=\"https:\/\/www.caririemacao.com\/1\/wp-content\/uploads\/2020\/05\/fdswgtgsdfgfg.png 793w, https:\/\/www.caririemacao.com\/1\/wp-content\/uploads\/2020\/05\/fdswgtgsdfgfg-300x161.png 300w, https:\/\/www.caririemacao.com\/1\/wp-content\/uploads\/2020\/05\/fdswgtgsdfgfg-768x412.png 768w\" sizes=\"(max-width: 793px) 100vw, 793px\" \/><\/figure>\n\n\n\n<p>Em 2019, o Centro-Oeste registrou rendimento de R$ 1.619, acima da m\u00e9dia nacional (R$ 1.439). O CDR da regi\u00e3o ficou em 1, em uma escala de zero a 1. O Nordeste teve rendimento de R$ 890 e um CDR de 0,62. J\u00e1 o Norte teve rendimento de R$ 883 e CDR de 0,61.<\/p>\n\n\n\n<p>Os coeficientes s\u00e3o calculados com base nos valores de rendimentos regionais em compara\u00e7\u00e3o com a m\u00e9dia nacional. Para o c\u00e1lculo, foram considerados os rendimentos de trabalho e de outras fontes de todos os moradores, inclusive os classificados como pensionistas, empregados dom\u00e9sticos e parentes dos empregados dom\u00e9sticos.<\/p>\n\n\n\n<p>Os valores foram obtidos a partir dos rendimentos brutos de trabalho e de outras fontes recebidos no m\u00eas de refer\u00eancia da pesquisa, acumulando as informa\u00e7\u00f5es das primeiras entrevistas do 1\u00ba, 2\u00ba, 3\u00ba e 4\u00ba trimestres da PNAD Cont\u00ednua de 2019. Os resultados foram calculados limitando o CDR ao m\u00e1ximo de um inteiro, conforme estabelece o decreto.<\/p>\n\n\n\n<p>Segundo o decreto 9.291\/2018, os coeficientes ser\u00e3o aplicados na apura\u00e7\u00e3o dos encargos financeiros incidentes sobre os financiamentos de opera\u00e7\u00f5es de cr\u00e9dito com recursos do Fundo de Financiamento do Nordeste (FNE), do Fundo de Financiamento do Norte (FNO) e do Fundo de Financiamento do Centro-Oeste (FCO).<\/p>\n\n\n\n<p>Ag\u00eancia IBGE<\/p>\n","protected":false},"excerpt":{"rendered":"<p>O IBGE divulga hoje (28) os valores de rendimento mensal domiciliar per capita (RDPC) e os coeficientes de desequil\u00edbrio regional (CDR) referentes a 2019 para&hellip; <\/p>\n","protected":false},"author":1,"featured_media":171885,"comment_status":"closed","ping_status":"closed","sticky":false,"template":"","format":"standard","meta":{"sfsi_plus_gutenberg_text_before_share":"","sfsi_plus_gutenberg_show_text_before_share":"","sfsi_plus_gutenberg_icon_type":"","sfsi_plus_gutenberg_icon_alignemt":"","sfsi_plus_gutenburg_max_per_row":"","footnotes":""},"categories":[6,50,1],"tags":[],"class_list":["post-171882","post","type-post","status-publish","format-standard","has-post-thumbnail","hentry","category-cidades","category-destaque","category-o-site"],"_links":{"self":[{"href":"https:\/\/www.caririemacao.com\/1\/wp-json\/wp\/v2\/posts\/171882","targetHints":{"allow":["GET"]}}],"collection":[{"href":"https:\/\/www.caririemacao.com\/1\/wp-json\/wp\/v2\/posts"}],"about":[{"href":"https:\/\/www.caririemacao.com\/1\/wp-json\/wp\/v2\/types\/post"}],"author":[{"embeddable":true,"href":"https:\/\/www.caririemacao.com\/1\/wp-json\/wp\/v2\/users\/1"}],"replies":[{"embeddable":true,"href":"https:\/\/www.caririemacao.com\/1\/wp-json\/wp\/v2\/comments?post=171882"}],"version-history":[{"count":1,"href":"https:\/\/www.caririemacao.com\/1\/wp-json\/wp\/v2\/posts\/171882\/revisions"}],"predecessor-version":[{"id":171884,"href":"https:\/\/www.caririemacao.com\/1\/wp-json\/wp\/v2\/posts\/171882\/revisions\/171884"}],"wp:featuredmedia":[{"embeddable":true,"href":"https:\/\/www.caririemacao.com\/1\/wp-json\/wp\/v2\/media\/171885"}],"wp:attachment":[{"href":"https:\/\/www.caririemacao.com\/1\/wp-json\/wp\/v2\/media?parent=171882"}],"wp:term":[{"taxonomy":"category","embeddable":true,"href":"https:\/\/www.caririemacao.com\/1\/wp-json\/wp\/v2\/categories?post=171882"},{"taxonomy":"post_tag","embeddable":true,"href":"https:\/\/www.caririemacao.com\/1\/wp-json\/wp\/v2\/tags?post=171882"}],"curies":[{"name":"wp","href":"https:\/\/api.w.org\/{rel}","templated":true}]}}