{"id":171886,"date":"2020-05-28T10:33:38","date_gmt":"2020-05-28T13:33:38","guid":{"rendered":"https:\/\/www.caririemacao.com\/1\/?p=171886"},"modified":"2020-05-28T10:33:38","modified_gmt":"2020-05-28T13:33:38","slug":"abate-de-animais-no-matadouro-publico-de-sume-e-suspenso-temporariamente-e-prefeitura-explica-como-atendera-os-trabalhadores-do-local","status":"publish","type":"post","link":"https:\/\/www.caririemacao.com\/1\/2020\/05\/28\/abate-de-animais-no-matadouro-publico-de-sume-e-suspenso-temporariamente-e-prefeitura-explica-como-atendera-os-trabalhadores-do-local\/","title":{"rendered":"Abate de animais no Matadouro P\u00fablico de Sum\u00e9 \u00e9 suspenso temporariamente e Prefeitura explica como atender\u00e1 os trabalhadores do local"},"content":{"rendered":"\n<p>Mesmo o Matadouro P\u00fablico de Sum\u00e9 ter passado por um processo de reformas e adapta\u00e7\u00f5es, a Justi\u00e7a da Comarca de Sum\u00e9 decidiu, de forma liminar, interditar o Matadouro P\u00fablico do Munic\u00edpio. Na avalia\u00e7\u00e3o da Prefeitura, a decis\u00e3o liminar n\u00e3o avaliou as v\u00e1rias melhorias que foram realizadas nos \u00faltimos meses, tendo se baseado em relat\u00f3rio da Sudema que remonta a per\u00edodo anterior \u00e0s melhorias. O Munic\u00edpio de Sum\u00e9 ir\u00e1 recorrer da decis\u00e3o, uma vez que, tem feito as reformas necess\u00e1rias em conformidade com os \u00f3rg\u00e3os competentes.<\/p>\n\n\n\n<p>Desde o dia 9 de maio de 2011, o atual pr\u00e9dio do Matadouro P\u00fablico Municipal estava sob t\u00edtulo de dom\u00ednio da iniciativa privada, quando atrav\u00e9s da Lei Municipal n\u00b0 1.034\u22152011 foi feita uma permuta entre a Prefeitura e um agente privado, ap\u00f3s esta lei, houve embargo judicial sobre esta permuta, impossibilitando a Prefeitura de Sum\u00e9 de investir na constru\u00e7\u00e3o de um novo abatedouro ou&nbsp; mesmo reformar o atual. Em 26 de junho de 2019 entrou em vigor a Lei Municipal n\u00b0 1.313 que desfez a permuta, voltando a \u00e1rea a pertencer ao patrim\u00f4nio municipal, o que permitiu que fossem feitas v\u00e1rias adequa\u00e7\u00f5es no espa\u00e7o.<\/p>\n\n\n\n<p>O prefeito \u00c9den Duarte afirmou que continua lutando na justi\u00e7a para que o Contrato de Repasse n\u00b0 827564\u22152016, firmado com o Minist\u00e9rio do Desenvolvimento Agr\u00e1rio, n\u00e3o seja cancelado. O contrato, no valor de R$ 1,2 milh\u00e3o, foi firmado para construir e equipar um novo abatedouro, que na oportunidade seria constru\u00eddo na \u00e1rea que fora permutada com um particular. \u00c9den tamb\u00e9m tem trabalhado tamb\u00e9m junto a parlamentares estaduais e federais, na busca de novos recursos para a reforma do matadouro ou constru\u00e7\u00e3o de um novo pr\u00e9dio.<\/p>\n\n\n\n<p>Na quarta-feira (27), \u00c9den se reuniu com marchantes, abatedores, processadores de v\u00edsceras e demais trabalhadores diretos e indiretos do matadouro p\u00fablico para discutir um plano de a\u00e7\u00e3o, de maneira que o abate ocorra no Matadouro P\u00fablico de algum munic\u00edpio da regi\u00e3o.<\/p>\n\n\n\n<p>Na reuni\u00e3o ficou acordado que estes trabalhadores far\u00e3o uma visita em alguns matadores p\u00fablicos de cidades vizinhas para conhecer os locais, definindo onde ficar\u00e1 sendo feito o abate, a Prefeitura disponibilizar\u00e1 um caminh\u00e3o para o transporte dos animais e um caminh\u00e3o frigor\u00edfico para o transporte das carnes. O prefeito \u00c9den disse tamb\u00e9m que j\u00e1 est\u00e1 conversando com alguns prefeitos da regi\u00e3o tratando do assunto at\u00e9 que o matadouro de Sum\u00e9 volte a funcionar.<\/p>\n\n\n\n<p>Ascom PMS<\/p>\n","protected":false},"excerpt":{"rendered":"<p>Mesmo o Matadouro P\u00fablico de Sum\u00e9 ter passado por um processo de reformas e adapta\u00e7\u00f5es, a Justi\u00e7a da Comarca de Sum\u00e9 decidiu, de forma liminar,&hellip; <\/p>\n","protected":false},"author":1,"featured_media":170536,"comment_status":"closed","ping_status":"closed","sticky":false,"template":"","format":"standard","meta":{"sfsi_plus_gutenberg_text_before_share":"","sfsi_plus_gutenberg_show_text_before_share":"","sfsi_plus_gutenberg_icon_type":"","sfsi_plus_gutenberg_icon_alignemt":"","sfsi_plus_gutenburg_max_per_row":"","footnotes":""},"categories":[6,50],"tags":[],"class_list":["post-171886","post","type-post","status-publish","format-standard","has-post-thumbnail","hentry","category-cidades","category-destaque"],"_links":{"self":[{"href":"https:\/\/www.caririemacao.com\/1\/wp-json\/wp\/v2\/posts\/171886","targetHints":{"allow":["GET"]}}],"collection":[{"href":"https:\/\/www.caririemacao.com\/1\/wp-json\/wp\/v2\/posts"}],"about":[{"href":"https:\/\/www.caririemacao.com\/1\/wp-json\/wp\/v2\/types\/post"}],"author":[{"embeddable":true,"href":"https:\/\/www.caririemacao.com\/1\/wp-json\/wp\/v2\/users\/1"}],"replies":[{"embeddable":true,"href":"https:\/\/www.caririemacao.com\/1\/wp-json\/wp\/v2\/comments?post=171886"}],"version-history":[{"count":1,"href":"https:\/\/www.caririemacao.com\/1\/wp-json\/wp\/v2\/posts\/171886\/revisions"}],"predecessor-version":[{"id":171887,"href":"https:\/\/www.caririemacao.com\/1\/wp-json\/wp\/v2\/posts\/171886\/revisions\/171887"}],"wp:featuredmedia":[{"embeddable":true,"href":"https:\/\/www.caririemacao.com\/1\/wp-json\/wp\/v2\/media\/170536"}],"wp:attachment":[{"href":"https:\/\/www.caririemacao.com\/1\/wp-json\/wp\/v2\/media?parent=171886"}],"wp:term":[{"taxonomy":"category","embeddable":true,"href":"https:\/\/www.caririemacao.com\/1\/wp-json\/wp\/v2\/categories?post=171886"},{"taxonomy":"post_tag","embeddable":true,"href":"https:\/\/www.caririemacao.com\/1\/wp-json\/wp\/v2\/tags?post=171886"}],"curies":[{"name":"wp","href":"https:\/\/api.w.org\/{rel}","templated":true}]}}