{"id":171888,"date":"2020-05-28T10:36:54","date_gmt":"2020-05-28T13:36:54","guid":{"rendered":"https:\/\/www.caririemacao.com\/1\/?p=171888"},"modified":"2020-05-28T10:36:54","modified_gmt":"2020-05-28T13:36:54","slug":"policia-militar-flagra-motoristas-com-sintomas-de-embriaguez-no-cariri","status":"publish","type":"post","link":"https:\/\/www.caririemacao.com\/1\/2020\/05\/28\/policia-militar-flagra-motoristas-com-sintomas-de-embriaguez-no-cariri\/","title":{"rendered":"Pol\u00edcia Militar flagra motoristas com sintomas de embriaguez no Cariri"},"content":{"rendered":"\n<p>A Pol\u00edcia Militar est\u00e1 intensificando as opera\u00e7\u00f5es qualificadas de tr\u00e2nsito (blitz) na regi\u00e3o do cariri,\u00a0 esse trabalho de preven\u00e7\u00e3o, desenvolvido pela Pol\u00edcia Militar, \u00e9 considerado positivo para coibir crimes nos munic\u00edpios e tirar de circula\u00e7\u00e3o armas, drogas, criminosos, ve\u00edculos roubados e motoristas dirigindo sobre efeito de \u00e1lcool.<\/p>\n\n\n\n<p>Em Monteiro na quarta-feira (28), foram flagrados dois condutores dirigindo alcoolizados, sendo um de 26 anos de idade, que estava circulando na avenida central com uma moto Honda CG 150 Titan-Ks Mix, e ao ser abordado foi submetido voluntariamente ao teste de alcoolemia com o etil\u00f4metro, constatando o uso de bebida alco\u00f3lica, o outro condutor de 52 anos de idade que estava em uma moto HONDA CG 125, apresentava vis\u00edveis sinais de embriagues alco\u00f3lica, foi submetido voluntariamente ao teste de alcoolemia com o etil\u00f4metro, e constatado o uso de bebida \u00e1lcoolica. Diante dos resultados os acusados foram conduzidos \u00e0 Delegacia de Pol\u00edcia Civil e as motocicletas encaminhadas a 7\u00aa CIRETRAN.<\/p>\n\n\n\n<p>Em Sum\u00e9 um homem de 28 anos de idade que estava conduzindo uma moto NXR 150 Bros, se envolveu em um acidente de transito na PB 196, foi submetido voluntariamente ao teste de alcoolemia com o etil\u00f4metro, onde foi constatado o uso \u00e1lcool. O acusado foi encaminhado \u00e0 Delegacia de Pol\u00edcia Civil da cidade de Sum\u00e9.<\/p>\n","protected":false},"excerpt":{"rendered":"<p>A Pol\u00edcia Militar est\u00e1 intensificando as opera\u00e7\u00f5es qualificadas de tr\u00e2nsito (blitz) na regi\u00e3o do cariri,\u00a0 esse trabalho de preven\u00e7\u00e3o, desenvolvido pela Pol\u00edcia Militar, \u00e9 considerado&hellip; <\/p>\n","protected":false},"author":1,"featured_media":171889,"comment_status":"closed","ping_status":"closed","sticky":false,"template":"","format":"standard","meta":{"sfsi_plus_gutenberg_text_before_share":"","sfsi_plus_gutenberg_show_text_before_share":"","sfsi_plus_gutenberg_icon_type":"","sfsi_plus_gutenberg_icon_alignemt":"","sfsi_plus_gutenburg_max_per_row":"","footnotes":""},"categories":[50,12],"tags":[],"class_list":["post-171888","post","type-post","status-publish","format-standard","has-post-thumbnail","hentry","category-destaque","category-policia"],"_links":{"self":[{"href":"https:\/\/www.caririemacao.com\/1\/wp-json\/wp\/v2\/posts\/171888","targetHints":{"allow":["GET"]}}],"collection":[{"href":"https:\/\/www.caririemacao.com\/1\/wp-json\/wp\/v2\/posts"}],"about":[{"href":"https:\/\/www.caririemacao.com\/1\/wp-json\/wp\/v2\/types\/post"}],"author":[{"embeddable":true,"href":"https:\/\/www.caririemacao.com\/1\/wp-json\/wp\/v2\/users\/1"}],"replies":[{"embeddable":true,"href":"https:\/\/www.caririemacao.com\/1\/wp-json\/wp\/v2\/comments?post=171888"}],"version-history":[{"count":1,"href":"https:\/\/www.caririemacao.com\/1\/wp-json\/wp\/v2\/posts\/171888\/revisions"}],"predecessor-version":[{"id":171890,"href":"https:\/\/www.caririemacao.com\/1\/wp-json\/wp\/v2\/posts\/171888\/revisions\/171890"}],"wp:featuredmedia":[{"embeddable":true,"href":"https:\/\/www.caririemacao.com\/1\/wp-json\/wp\/v2\/media\/171889"}],"wp:attachment":[{"href":"https:\/\/www.caririemacao.com\/1\/wp-json\/wp\/v2\/media?parent=171888"}],"wp:term":[{"taxonomy":"category","embeddable":true,"href":"https:\/\/www.caririemacao.com\/1\/wp-json\/wp\/v2\/categories?post=171888"},{"taxonomy":"post_tag","embeddable":true,"href":"https:\/\/www.caririemacao.com\/1\/wp-json\/wp\/v2\/tags?post=171888"}],"curies":[{"name":"wp","href":"https:\/\/api.w.org\/{rel}","templated":true}]}}