{"id":171895,"date":"2020-05-28T12:03:01","date_gmt":"2020-05-28T15:03:01","guid":{"rendered":"https:\/\/www.caririemacao.com\/1\/?p=171895"},"modified":"2020-05-28T12:03:01","modified_gmt":"2020-05-28T15:03:01","slug":"saude-de-sume-aplica-testes-de-covid-19-em-caminhoneiros-e-motoristas-de-transportes-alternativos","status":"publish","type":"post","link":"https:\/\/www.caririemacao.com\/1\/2020\/05\/28\/saude-de-sume-aplica-testes-de-covid-19-em-caminhoneiros-e-motoristas-de-transportes-alternativos\/","title":{"rendered":"Sa\u00fade de Sum\u00e9 aplica testes de covid-19 em caminhoneiros e motoristas de transportes alternativos"},"content":{"rendered":"\n<p>A Secretaria de Sa\u00fade de Sum\u00e9-PB, come\u00e7ou nesta semana a realizar testes r\u00e1pidos de Covid-19 em caminhoneiros e motoristas de transportes alternativos. <\/p>\n\n\n\n<p>O intuito \u00e9 detectar nestas pessoas, que fazem rotas para outras cidades diariamente, uma poss\u00edvel contamina\u00e7\u00e3o por coronav\u00edrus, considerando que a doen\u00e7a se apresenta assintom\u00e1tica em muitas delas. Com esta a\u00e7\u00e3o, a Sa\u00fade de Sum\u00e9 evita a propaga\u00e7\u00e3o do v\u00edrus no munic\u00edpio e nas outras cidades.<\/p>\n\n\n\n<p>Para os motoristas que ainda n\u00e3o fizeram o teste r\u00e1pido, a Secretaria de Sa\u00fade pede a estas pessoas que se dirijam \u00e0 unidade b\u00e1sica de sa\u00fade de origem e comuniquem \u00e0 equipe do PSF, que ser\u00e3o devidamente encaminhados para o teste.<\/p>\n\n\n\n<p>Os testes que est\u00e3o sendo aplicados nos motoristas de transportes alternativos e caminhoneiros foram adquiridos pela Prefeitura de Sum\u00e9.<\/p>\n","protected":false},"excerpt":{"rendered":"<p>A Secretaria de Sa\u00fade de Sum\u00e9-PB, come\u00e7ou nesta semana a realizar testes r\u00e1pidos de Covid-19 em caminhoneiros e motoristas de transportes alternativos. O intuito \u00e9&hellip; <\/p>\n","protected":false},"author":2,"featured_media":171868,"comment_status":"closed","ping_status":"closed","sticky":false,"template":"","format":"standard","meta":{"sfsi_plus_gutenberg_text_before_share":"","sfsi_plus_gutenberg_show_text_before_share":"","sfsi_plus_gutenberg_icon_type":"","sfsi_plus_gutenberg_icon_alignemt":"","sfsi_plus_gutenburg_max_per_row":"","footnotes":""},"categories":[6,50],"tags":[],"class_list":["post-171895","post","type-post","status-publish","format-standard","has-post-thumbnail","hentry","category-cidades","category-destaque"],"_links":{"self":[{"href":"https:\/\/www.caririemacao.com\/1\/wp-json\/wp\/v2\/posts\/171895","targetHints":{"allow":["GET"]}}],"collection":[{"href":"https:\/\/www.caririemacao.com\/1\/wp-json\/wp\/v2\/posts"}],"about":[{"href":"https:\/\/www.caririemacao.com\/1\/wp-json\/wp\/v2\/types\/post"}],"author":[{"embeddable":true,"href":"https:\/\/www.caririemacao.com\/1\/wp-json\/wp\/v2\/users\/2"}],"replies":[{"embeddable":true,"href":"https:\/\/www.caririemacao.com\/1\/wp-json\/wp\/v2\/comments?post=171895"}],"version-history":[{"count":1,"href":"https:\/\/www.caririemacao.com\/1\/wp-json\/wp\/v2\/posts\/171895\/revisions"}],"predecessor-version":[{"id":171896,"href":"https:\/\/www.caririemacao.com\/1\/wp-json\/wp\/v2\/posts\/171895\/revisions\/171896"}],"wp:featuredmedia":[{"embeddable":true,"href":"https:\/\/www.caririemacao.com\/1\/wp-json\/wp\/v2\/media\/171868"}],"wp:attachment":[{"href":"https:\/\/www.caririemacao.com\/1\/wp-json\/wp\/v2\/media?parent=171895"}],"wp:term":[{"taxonomy":"category","embeddable":true,"href":"https:\/\/www.caririemacao.com\/1\/wp-json\/wp\/v2\/categories?post=171895"},{"taxonomy":"post_tag","embeddable":true,"href":"https:\/\/www.caririemacao.com\/1\/wp-json\/wp\/v2\/tags?post=171895"}],"curies":[{"name":"wp","href":"https:\/\/api.w.org\/{rel}","templated":true}]}}