{"id":171898,"date":"2020-05-28T12:13:54","date_gmt":"2020-05-28T15:13:54","guid":{"rendered":"https:\/\/www.caririemacao.com\/1\/?p=171898"},"modified":"2020-05-28T12:13:54","modified_gmt":"2020-05-28T15:13:54","slug":"justica-determina-e-vereador-em-monteiro-perdera-mandato","status":"publish","type":"post","link":"https:\/\/www.caririemacao.com\/1\/2020\/05\/28\/justica-determina-e-vereador-em-monteiro-perdera-mandato\/","title":{"rendered":"Justi\u00e7a determina e vereador em Monteiro perder\u00e1 mandato"},"content":{"rendered":"\n<p>O juiz da primeira Vara c\u00edvel da Comarca de Monteiro, Dr. Nilson Dias, determinou na manh\u00e3 desta quinta-feira (28) que o Presidente da C\u00e2mara de Monteiro, declare a perda do mandato do vereador Sim\u00e3o Leal ( Sim\u00e3o do bol\u00e3o) a determina\u00e7\u00e3o foi atrav\u00e9s de um pedido feito pelo advogado Dr. J. J\u00fanior, em contato com a reportaram o advogado disse que s\u00f3 iria se pronunciar depois que o presidente da c\u00e2mara for notificado. O suplente de vereador In\u00e1cio Gabriel dever\u00e1 assumir a vaga.<\/p>\n\n\n\n<p>OPIPOCO<\/p>\n","protected":false},"excerpt":{"rendered":"<p>O juiz da primeira Vara c\u00edvel da Comarca de Monteiro, Dr. Nilson Dias, determinou na manh\u00e3 desta quinta-feira (28) que o Presidente da C\u00e2mara de&hellip; <\/p>\n","protected":false},"author":2,"featured_media":171900,"comment_status":"closed","ping_status":"closed","sticky":false,"template":"","format":"standard","meta":{"sfsi_plus_gutenberg_text_before_share":"","sfsi_plus_gutenberg_show_text_before_share":"","sfsi_plus_gutenberg_icon_type":"","sfsi_plus_gutenberg_icon_alignemt":"","sfsi_plus_gutenburg_max_per_row":"","footnotes":""},"categories":[50,2],"tags":[],"class_list":["post-171898","post","type-post","status-publish","format-standard","has-post-thumbnail","hentry","category-destaque","category-geral"],"_links":{"self":[{"href":"https:\/\/www.caririemacao.com\/1\/wp-json\/wp\/v2\/posts\/171898","targetHints":{"allow":["GET"]}}],"collection":[{"href":"https:\/\/www.caririemacao.com\/1\/wp-json\/wp\/v2\/posts"}],"about":[{"href":"https:\/\/www.caririemacao.com\/1\/wp-json\/wp\/v2\/types\/post"}],"author":[{"embeddable":true,"href":"https:\/\/www.caririemacao.com\/1\/wp-json\/wp\/v2\/users\/2"}],"replies":[{"embeddable":true,"href":"https:\/\/www.caririemacao.com\/1\/wp-json\/wp\/v2\/comments?post=171898"}],"version-history":[{"count":1,"href":"https:\/\/www.caririemacao.com\/1\/wp-json\/wp\/v2\/posts\/171898\/revisions"}],"predecessor-version":[{"id":171899,"href":"https:\/\/www.caririemacao.com\/1\/wp-json\/wp\/v2\/posts\/171898\/revisions\/171899"}],"wp:featuredmedia":[{"embeddable":true,"href":"https:\/\/www.caririemacao.com\/1\/wp-json\/wp\/v2\/media\/171900"}],"wp:attachment":[{"href":"https:\/\/www.caririemacao.com\/1\/wp-json\/wp\/v2\/media?parent=171898"}],"wp:term":[{"taxonomy":"category","embeddable":true,"href":"https:\/\/www.caririemacao.com\/1\/wp-json\/wp\/v2\/categories?post=171898"},{"taxonomy":"post_tag","embeddable":true,"href":"https:\/\/www.caririemacao.com\/1\/wp-json\/wp\/v2\/tags?post=171898"}],"curies":[{"name":"wp","href":"https:\/\/api.w.org\/{rel}","templated":true}]}}