{"id":171909,"date":"2020-05-28T14:34:52","date_gmt":"2020-05-28T17:34:52","guid":{"rendered":"https:\/\/www.caririemacao.com\/1\/?p=171909"},"modified":"2020-05-28T14:34:52","modified_gmt":"2020-05-28T17:34:52","slug":"governo-convoca-mais-profissionais-para-atuar-no-combate-ao-coronavirus-na-paraiba","status":"publish","type":"post","link":"https:\/\/www.caririemacao.com\/1\/2020\/05\/28\/governo-convoca-mais-profissionais-para-atuar-no-combate-ao-coronavirus-na-paraiba\/","title":{"rendered":"Governo convoca mais profissionais para atuar no combate ao coronav\u00edrus na Para\u00edba"},"content":{"rendered":"\n<h1 class=\"wp-block-heading\"><\/h1>\n\n\n\n<p>O Governo da Para\u00edba, por meio da Secretaria de Estado da Sa\u00fade (SES), est\u00e1 convocando profissionais para atuar no combate ao coronav\u00edrus.<\/p>\n\n\n\n<p>As convoca\u00e7\u00f5es foram publicadas no Di\u00e1rio Oficial desta quarta-feira (27) e se referem \u00e0 1\u00aa convoca\u00e7\u00e3o do Processo Seletivo Simplificado, com edital publicado em 12 de maio, e a 18\u00aa Chamada P\u00fablica do edital publicado em 24 de mar\u00e7o.<\/p>\n\n\n\n<p>A publica\u00e7\u00e3o traz o nome de 318 profissionais da \u00e1rea de sa\u00fade que ir\u00e3o atuar em Jo\u00e3o Pessoa, Santa Rita, Campina Grande, Cjazeiras, Princesa Isabel, Pombal, Pianc\u00f3 e Patos.<\/p>\n\n\n\n<p>De acordo com a publica\u00e7\u00e3o, os candidatos devem comparecer aos servi\u00e7os de sa\u00fade para os quais foram alocados portando os documentos exigidos no edital at\u00e9 o dia 28 de maio.<\/p>\n\n\n\n<p>O secret\u00e1rio executivo de Gest\u00e3o da Rede de Unidades de Sa\u00fade, Daniel Beltrammi, destaca que o Estado tem se empenhado no combate ao coronav\u00edrus, com decretos e a\u00e7\u00f5es como a aquisi\u00e7\u00e3o de respiradores e a amplia\u00e7\u00e3o da Rede Hospitalar.<\/p>\n\n\n\n<p>S\u00f3 nos \u00faltimos cinco dias foram abertos 43 novos leitos, sendo 10 deles de UTI. Mas ele alerta que, para operar todas essas a\u00e7\u00f5es, \u00e9 necess\u00e1rio a presen\u00e7a de profissionais de sa\u00fade.<\/p>\n\n\n\n<p>\u201cNesse momento, vale a pena lembrar que uma medida protetiva muito importante \u00e9 a possibilidade das escalas terem mais profissionais da \u00e1rea de sa\u00fade, para que as pessoas n\u00e3o entrem em exaust\u00e3o tendo que repetir m\u00faltiplas escalas de trabalho ao longo da semana\u201d, observa.<\/p>\n\n\n\n<p>A publica\u00e7\u00e3o do Di\u00e1rio Oficial desta quarta-feira tamb\u00e9m traz a lista da 10\u00aa convoca\u00e7\u00e3o do Processo Seletivo Simplificado com o nome de mais quatro psic\u00f3logos selecionados para trabalhar no Hospital Metropolitano Dom Jos\u00e9 Maria Pires.<\/p>\n","protected":false},"excerpt":{"rendered":"<p>O Governo da Para\u00edba, por meio da Secretaria de Estado da Sa\u00fade (SES), est\u00e1 convocando profissionais para atuar no combate ao coronav\u00edrus. As convoca\u00e7\u00f5es foram&hellip; <\/p>\n","protected":false},"author":2,"featured_media":171910,"comment_status":"closed","ping_status":"closed","sticky":false,"template":"","format":"standard","meta":{"sfsi_plus_gutenberg_text_before_share":"","sfsi_plus_gutenberg_show_text_before_share":"","sfsi_plus_gutenberg_icon_type":"","sfsi_plus_gutenberg_icon_alignemt":"","sfsi_plus_gutenburg_max_per_row":"","footnotes":""},"categories":[2],"tags":[],"class_list":["post-171909","post","type-post","status-publish","format-standard","has-post-thumbnail","hentry","category-geral"],"_links":{"self":[{"href":"https:\/\/www.caririemacao.com\/1\/wp-json\/wp\/v2\/posts\/171909","targetHints":{"allow":["GET"]}}],"collection":[{"href":"https:\/\/www.caririemacao.com\/1\/wp-json\/wp\/v2\/posts"}],"about":[{"href":"https:\/\/www.caririemacao.com\/1\/wp-json\/wp\/v2\/types\/post"}],"author":[{"embeddable":true,"href":"https:\/\/www.caririemacao.com\/1\/wp-json\/wp\/v2\/users\/2"}],"replies":[{"embeddable":true,"href":"https:\/\/www.caririemacao.com\/1\/wp-json\/wp\/v2\/comments?post=171909"}],"version-history":[{"count":1,"href":"https:\/\/www.caririemacao.com\/1\/wp-json\/wp\/v2\/posts\/171909\/revisions"}],"predecessor-version":[{"id":171911,"href":"https:\/\/www.caririemacao.com\/1\/wp-json\/wp\/v2\/posts\/171909\/revisions\/171911"}],"wp:featuredmedia":[{"embeddable":true,"href":"https:\/\/www.caririemacao.com\/1\/wp-json\/wp\/v2\/media\/171910"}],"wp:attachment":[{"href":"https:\/\/www.caririemacao.com\/1\/wp-json\/wp\/v2\/media?parent=171909"}],"wp:term":[{"taxonomy":"category","embeddable":true,"href":"https:\/\/www.caririemacao.com\/1\/wp-json\/wp\/v2\/categories?post=171909"},{"taxonomy":"post_tag","embeddable":true,"href":"https:\/\/www.caririemacao.com\/1\/wp-json\/wp\/v2\/tags?post=171909"}],"curies":[{"name":"wp","href":"https:\/\/api.w.org\/{rel}","templated":true}]}}