{"id":171913,"date":"2020-05-28T14:39:16","date_gmt":"2020-05-28T17:39:16","guid":{"rendered":"https:\/\/www.caririemacao.com\/1\/?p=171913"},"modified":"2020-05-28T14:39:16","modified_gmt":"2020-05-28T17:39:16","slug":"governo-revoga-regra-que-fixava-punicao-a-quem-descumprir-quarentena","status":"publish","type":"post","link":"https:\/\/www.caririemacao.com\/1\/2020\/05\/28\/governo-revoga-regra-que-fixava-punicao-a-quem-descumprir-quarentena\/","title":{"rendered":"Governo revoga regra que fixava puni\u00e7\u00e3o a quem descumprir quarentena"},"content":{"rendered":"\n<h1 class=\"wp-block-heading\"><\/h1>\n\n\n\n<p>As medidas, que foram assinadas em mar\u00e7o pelos ent\u00e3o ministros da Justi\u00e7a, Sergio Moro, e da Sa\u00fade, Henrique Mandetta, eram criticadas pelo presidente Jair Bolsonaro.<\/p>\n\n\n\n<p>O presidente \u00e9 contra a aplica\u00e7\u00e3o da quarentena para conter a expans\u00e3o do novo coronav\u00edrus. Tem afirmado que isso leva a \u201cpris\u00f5es arbitr\u00e1rias que ferem os direitos b\u00e1sicos de ir e vir\u201d.<\/p>\n\n\n\n<p>O texto revogado previa o uso de for\u00e7a policial para encaminhar pacientes em desobedi\u00eancia a tratamento e dizia que comete crimes contra a sa\u00fade p\u00fablica quem se recusa a ficar em isolamento ou quarentena compuls\u00f3ria (de at\u00e9 40 dias, inicialmente, podendo ser estendida), quando determinado pelas autoridades competentes em car\u00e1ter emergencial.<\/p>\n\n\n\n<p>A portaria previa, com base num decreto-lei de 1940, deten\u00e7\u00e3o de um m\u00eas a um ano, al\u00e9m de multa, \u00e0quele que descumprir as medidas sanit\u00e1rias preventivas como o isolamento. Essa pena pode ser aumentada em um ter\u00e7o se o infrator for agente de sa\u00fade p\u00fablica ou privada.<\/p>\n\n\n\n<p>A revoga\u00e7\u00e3o foi assinada pelos ministros Andr\u00e9 Mendon\u00e7a (Justi\u00e7a) e Eduardo Pazuello (interino da Sa\u00fade) e publicada no Di\u00e1rio Oficial da Uni\u00e3o desta quinta-feira (28).<\/p>\n\n\n\n<p>O documento descreve a medida como \u201crevoga\u00e7\u00e3o e a reafirma\u00e7\u00e3o do pleno direito \u00e0 dignidade, direitos humanos e liberdades fundamentais\u201d. O documento ainda critica a decis\u00e3o do STF (Supremo Tribunal Federal) que delimitou aos estados e munic\u00edpios a prerrogativa de adotar medidas sanit\u00e1rias de combate \u00e0 pandemia.<\/p>\n\n\n\n<p>\u201cA revoga\u00e7\u00e3o e a reafirma\u00e7\u00e3o do pleno direito \u00e0 dignidade, direitos humanos e liberdades fundamentais levam em conta a decis\u00e3o do Supremo Tribunal Federal que possibilitou a ado\u00e7\u00e3o de medidas por Estados e Munic\u00edpios mesmo em contrariedade a regras estabelecidas pela Uni\u00e3o\u201d.<\/p>\n\n\n\n<p>A revoga\u00e7\u00e3o, ainda de acordo com o documento, leva \u201cem conta as not\u00edcias de pris\u00f5es possivelmente abusivas de cidad\u00e3os, as quais n\u00e3o podem ser objeto de anu\u00eancia por parte das autoridades federais\u201d.<\/p>\n\n\n\n<p>Durante a reuni\u00e3o de 22 de abril, na qual Bolsonaro afirmou que iria intervir em minist\u00e9rios, o presidente cobrou apoio p\u00fablico de Moro nas quest\u00f5es relacionadas \u00e0s medidas de isolamento social. \u201cVai ficar quieto at\u00e9 quando?\u201d, questionou em refer\u00eancia \u00e0s deten\u00e7\u00f5es.<\/p>\n\n\n\n<p>Bolsonaro reclamou da portaria assinada pelo ex-ministro da Justi\u00e7a e por Mandetta que prev\u00ea puni\u00e7\u00e3o a quem violar a quarentena para atividades n\u00e3o essenciais em meio \u00e0 pandemia.<\/p>\n\n\n\n<p>\u201cSenhor ministro da Justi\u00e7a, por favor. Foi decidido h\u00e1 pouco tempo que n\u00e3o podia botar algema em quase ningu\u00e9m. Por que est\u00e3o botando algema em cidad\u00e3o que est\u00e1 trabalhando ou mulher que est\u00e1 em pra\u00e7a p\u00fablica e a Justi\u00e7a n\u00e3o fala nada?\u201d, cobrou.<\/p>\n\n\n\n<p>\u201cTem que falar, colocar pra fora, esculachar. N\u00e3o pode botar algema! Decis\u00e3o do pr\u00f3prio Supremo. E vamos ficar quietos at\u00e9 quando? Fica humilhando nosso povo por que?\u201d, disse o presidente.<\/p>\n\n\n\n<p>O v\u00eddeo veio \u00e0 tona porque Moro o indicou como prova aos investigadores no inqu\u00e9rito que apura a interfer\u00eancia do presidente na PF.<\/p>\n\n\n\n<p>O ex-ministro da Justi\u00e7a e Mandetta eram defensores do isolamento social como uma forma de ajudar a minimizar os impactos da pandemia. A posi\u00e7\u00e3o de ambos acabou os colocando em rota de colis\u00e3o com o presidente.<\/p>\n","protected":false},"excerpt":{"rendered":"<p>As medidas, que foram assinadas em mar\u00e7o pelos ent\u00e3o ministros da Justi\u00e7a, Sergio Moro, e da Sa\u00fade, Henrique Mandetta, eram criticadas pelo presidente Jair Bolsonaro.&hellip; <\/p>\n","protected":false},"author":2,"featured_media":171914,"comment_status":"closed","ping_status":"closed","sticky":false,"template":"","format":"standard","meta":{"sfsi_plus_gutenberg_text_before_share":"","sfsi_plus_gutenberg_show_text_before_share":"","sfsi_plus_gutenberg_icon_type":"","sfsi_plus_gutenberg_icon_alignemt":"","sfsi_plus_gutenburg_max_per_row":"","footnotes":""},"categories":[2],"tags":[],"class_list":["post-171913","post","type-post","status-publish","format-standard","has-post-thumbnail","hentry","category-geral"],"_links":{"self":[{"href":"https:\/\/www.caririemacao.com\/1\/wp-json\/wp\/v2\/posts\/171913","targetHints":{"allow":["GET"]}}],"collection":[{"href":"https:\/\/www.caririemacao.com\/1\/wp-json\/wp\/v2\/posts"}],"about":[{"href":"https:\/\/www.caririemacao.com\/1\/wp-json\/wp\/v2\/types\/post"}],"author":[{"embeddable":true,"href":"https:\/\/www.caririemacao.com\/1\/wp-json\/wp\/v2\/users\/2"}],"replies":[{"embeddable":true,"href":"https:\/\/www.caririemacao.com\/1\/wp-json\/wp\/v2\/comments?post=171913"}],"version-history":[{"count":1,"href":"https:\/\/www.caririemacao.com\/1\/wp-json\/wp\/v2\/posts\/171913\/revisions"}],"predecessor-version":[{"id":171915,"href":"https:\/\/www.caririemacao.com\/1\/wp-json\/wp\/v2\/posts\/171913\/revisions\/171915"}],"wp:featuredmedia":[{"embeddable":true,"href":"https:\/\/www.caririemacao.com\/1\/wp-json\/wp\/v2\/media\/171914"}],"wp:attachment":[{"href":"https:\/\/www.caririemacao.com\/1\/wp-json\/wp\/v2\/media?parent=171913"}],"wp:term":[{"taxonomy":"category","embeddable":true,"href":"https:\/\/www.caririemacao.com\/1\/wp-json\/wp\/v2\/categories?post=171913"},{"taxonomy":"post_tag","embeddable":true,"href":"https:\/\/www.caririemacao.com\/1\/wp-json\/wp\/v2\/tags?post=171913"}],"curies":[{"name":"wp","href":"https:\/\/api.w.org\/{rel}","templated":true}]}}