{"id":171917,"date":"2020-05-28T14:43:30","date_gmt":"2020-05-28T17:43:30","guid":{"rendered":"https:\/\/www.caririemacao.com\/1\/?p=171917"},"modified":"2020-05-28T14:43:30","modified_gmt":"2020-05-28T17:43:30","slug":"desemprego-sobe-a-126-em-abril-com-efeitos-do-coronavirus-diz-ibge","status":"publish","type":"post","link":"https:\/\/www.caririemacao.com\/1\/2020\/05\/28\/desemprego-sobe-a-126-em-abril-com-efeitos-do-coronavirus-diz-ibge\/","title":{"rendered":"Desemprego sobe a 12,6% em abril com efeitos do coronav\u00edrus, diz IBGE"},"content":{"rendered":"\n<h1 class=\"wp-block-heading\"><\/h1>\n\n\n\n<p>Isso representam 898 mil pessoas a mais em busca de trabalho, segundo dados do IBGE (Instituto Brasileiro de Geografia e Estat\u00edstica) divulgados nesta quinta-feira (28). No trimestre anterior, terminado em janeiro, o desemprego no Brasil havia fechado em 11,2%.<\/p>\n\n\n\n<p>O primeiro \u00f3bito conhecido de Covid-19 no pa\u00eds ocorreu no dia 17 de mar\u00e7o. A partir da\u00ed, com o avan\u00e7o da doen\u00e7a, o pa\u00eds promoveu o fechamento de bares, restaurantes e com\u00e9rcio como forma de combater a pandemia. Em abril, os efeitos econ\u00f4micos come\u00e7aram a ser sentidos com mais intensidade, j\u00e1 que as medidas restritivas duraram do come\u00e7o ao fim do m\u00eas.<\/p>\n\n\n\n<p>Diante desse cen\u00e1rio, economistas ouvidos pela ag\u00eancia de not\u00edcias Bloomberg esperavam desemprego de 13,4% no trimestre encerrado em abril. A proje\u00e7\u00e3o era parecida com a de especialistas ouvidos pela Folha. A LCA Consultores projetava taxa de 13%, enquanto a Tend\u00eancias Consultoria esperava uma taxa de desocupa\u00e7\u00e3o de 12,7%.<\/p>\n\n\n\n<p>Com a pandemia em curso, o pa\u00eds viveu apag\u00e3o estat\u00edstico de emprego. Os dados do Caged (sobre pessoas com carteira assinada), divulgados mensalmente, ainda n\u00e3o haviam sido publicados neste ano at\u00e9 esta quarta (27), quando houve an\u00fancio de que o mercado de trabalho perdeu 1,1 milh\u00e3o de empregados com carteira assinada entre mar\u00e7o e abril.<\/p>\n\n\n\n<p>Em paralelo aos impactos econ\u00f4micos sentidos diretamente no aumento do desemprego, o Brasil vem acompanhando a Covid-19 se alastrar. Nesta quarta-feira (27), o pa\u00eds registrou 1.039 novas mortes por coronav\u00edrus e 16.324 novos casos nas \u00faltimas 24 horas. Com isso, o total de \u00f3bitos \u00e9 de 24.512, e de casos confirmados, 391.222.<\/p>\n","protected":false},"excerpt":{"rendered":"<p>Isso representam 898 mil pessoas a mais em busca de trabalho, segundo dados do IBGE (Instituto Brasileiro de Geografia e Estat\u00edstica) divulgados nesta quinta-feira (28).&hellip; <\/p>\n","protected":false},"author":2,"featured_media":171918,"comment_status":"closed","ping_status":"closed","sticky":false,"template":"","format":"standard","meta":{"sfsi_plus_gutenberg_text_before_share":"","sfsi_plus_gutenberg_show_text_before_share":"","sfsi_plus_gutenberg_icon_type":"","sfsi_plus_gutenberg_icon_alignemt":"","sfsi_plus_gutenburg_max_per_row":"","footnotes":""},"categories":[2],"tags":[],"class_list":["post-171917","post","type-post","status-publish","format-standard","has-post-thumbnail","hentry","category-geral"],"_links":{"self":[{"href":"https:\/\/www.caririemacao.com\/1\/wp-json\/wp\/v2\/posts\/171917","targetHints":{"allow":["GET"]}}],"collection":[{"href":"https:\/\/www.caririemacao.com\/1\/wp-json\/wp\/v2\/posts"}],"about":[{"href":"https:\/\/www.caririemacao.com\/1\/wp-json\/wp\/v2\/types\/post"}],"author":[{"embeddable":true,"href":"https:\/\/www.caririemacao.com\/1\/wp-json\/wp\/v2\/users\/2"}],"replies":[{"embeddable":true,"href":"https:\/\/www.caririemacao.com\/1\/wp-json\/wp\/v2\/comments?post=171917"}],"version-history":[{"count":1,"href":"https:\/\/www.caririemacao.com\/1\/wp-json\/wp\/v2\/posts\/171917\/revisions"}],"predecessor-version":[{"id":171919,"href":"https:\/\/www.caririemacao.com\/1\/wp-json\/wp\/v2\/posts\/171917\/revisions\/171919"}],"wp:featuredmedia":[{"embeddable":true,"href":"https:\/\/www.caririemacao.com\/1\/wp-json\/wp\/v2\/media\/171918"}],"wp:attachment":[{"href":"https:\/\/www.caririemacao.com\/1\/wp-json\/wp\/v2\/media?parent=171917"}],"wp:term":[{"taxonomy":"category","embeddable":true,"href":"https:\/\/www.caririemacao.com\/1\/wp-json\/wp\/v2\/categories?post=171917"},{"taxonomy":"post_tag","embeddable":true,"href":"https:\/\/www.caririemacao.com\/1\/wp-json\/wp\/v2\/tags?post=171917"}],"curies":[{"name":"wp","href":"https:\/\/api.w.org\/{rel}","templated":true}]}}