{"id":171931,"date":"2020-05-28T15:17:19","date_gmt":"2020-05-28T18:17:19","guid":{"rendered":"https:\/\/www.caririemacao.com\/1\/?p=171931"},"modified":"2020-05-28T15:17:19","modified_gmt":"2020-05-28T18:17:19","slug":"bebe-com-pouco-mais-de-um-mes-de-vida-vence-a-covid-19-enquanto-se-recuperava-de-cirurgia-em-hospital-na-paraiba","status":"publish","type":"post","link":"https:\/\/www.caririemacao.com\/1\/2020\/05\/28\/bebe-com-pouco-mais-de-um-mes-de-vida-vence-a-covid-19-enquanto-se-recuperava-de-cirurgia-em-hospital-na-paraiba\/","title":{"rendered":"Beb\u00ea com pouco mais de um m\u00eas de vida vence a covid-19 enquanto se recuperava de cirurgia em hospital na Para\u00edba"},"content":{"rendered":"\n<h1 class=\"wp-block-heading\"><\/h1>\n\n\n\n<p>Uma mulher de 29 anos e uma beb\u00ea de pouco mais de um m\u00eas venceram a covid-19 em Jo\u00e3o Pessoa. A pequena Maria Vit\u00f3ria contraiu a doen\u00e7a enquanto se recuperava de uma cirurgia de coluna, realizada logo ap\u00f3s o seu nascimento. A m\u00e3e, Giln\u00e1ria Ferreira Freitas Sousa, tamb\u00e9m estava doente, embora assintom\u00e1tica.<\/p>\n\n\n\n<p>Giln\u00e1ria foi um dos primeiros casos confirmados da doen\u00e7a no munic\u00edpio de Catol\u00e9 do Rocha, no Sert\u00e3o paraibano, no entanto, ela contraiu o v\u00edrus em Jo\u00e3o Pessoa, aonde veio para ter o beb\u00ea, pois tinha uma gravidez de risco.<\/p>\n\n\n\n<p>Ao nascer, a crian\u00e7a precisou fazer uma cirurgia na coluna e elas ficaram internadas na Maternidade C\u00e2ndida Vargas. Depois da cirurgia, ainda se recuperando, as duas contra\u00edram a covid-19 e precisaram ser transferidas para a Maternidade Frei Dami\u00e3o, refer\u00eancia para casos da doen\u00e7a em gestantes e pu\u00e9rperas.<\/p>\n\n\n\n<p>Giln\u00e1ria se recuperou rapidamente, mas Maria Vit\u00f3ria ficou internada at\u00e9 esta quinta-feira (28), quando recebeu alta. O reencontro foi filmado e emocionou os funcion\u00e1rios da unidade de sa\u00fade, que deram a Maria Vit\u00f3ria uma pequena capa, como a de uma super-hero\u00edna.<\/p>\n\n\n\n<p>Agora, a m\u00e3e e a filha retornaram para a Maternidade C\u00e2ndida Vargas, onde a beb\u00ea passar\u00e1 por exames e possivelmente precisar\u00e1 passar por outra cirurgia, devido a outro problema de sa\u00fade que n\u00e3o tem rela\u00e7\u00e3o com o novo coronav\u00edrus.<\/p>\n\n\n\n<p><em>Click PB<\/em><\/p>\n","protected":false},"excerpt":{"rendered":"<p>Uma mulher de 29 anos e uma beb\u00ea de pouco mais de um m\u00eas venceram a covid-19 em Jo\u00e3o Pessoa. A pequena Maria Vit\u00f3ria contraiu&hellip; <\/p>\n","protected":false},"author":2,"featured_media":171932,"comment_status":"closed","ping_status":"closed","sticky":false,"template":"","format":"standard","meta":{"sfsi_plus_gutenberg_text_before_share":"","sfsi_plus_gutenberg_show_text_before_share":"","sfsi_plus_gutenberg_icon_type":"","sfsi_plus_gutenberg_icon_alignemt":"","sfsi_plus_gutenburg_max_per_row":"","footnotes":""},"categories":[2],"tags":[],"class_list":["post-171931","post","type-post","status-publish","format-standard","has-post-thumbnail","hentry","category-geral"],"_links":{"self":[{"href":"https:\/\/www.caririemacao.com\/1\/wp-json\/wp\/v2\/posts\/171931","targetHints":{"allow":["GET"]}}],"collection":[{"href":"https:\/\/www.caririemacao.com\/1\/wp-json\/wp\/v2\/posts"}],"about":[{"href":"https:\/\/www.caririemacao.com\/1\/wp-json\/wp\/v2\/types\/post"}],"author":[{"embeddable":true,"href":"https:\/\/www.caririemacao.com\/1\/wp-json\/wp\/v2\/users\/2"}],"replies":[{"embeddable":true,"href":"https:\/\/www.caririemacao.com\/1\/wp-json\/wp\/v2\/comments?post=171931"}],"version-history":[{"count":1,"href":"https:\/\/www.caririemacao.com\/1\/wp-json\/wp\/v2\/posts\/171931\/revisions"}],"predecessor-version":[{"id":171933,"href":"https:\/\/www.caririemacao.com\/1\/wp-json\/wp\/v2\/posts\/171931\/revisions\/171933"}],"wp:featuredmedia":[{"embeddable":true,"href":"https:\/\/www.caririemacao.com\/1\/wp-json\/wp\/v2\/media\/171932"}],"wp:attachment":[{"href":"https:\/\/www.caririemacao.com\/1\/wp-json\/wp\/v2\/media?parent=171931"}],"wp:term":[{"taxonomy":"category","embeddable":true,"href":"https:\/\/www.caririemacao.com\/1\/wp-json\/wp\/v2\/categories?post=171931"},{"taxonomy":"post_tag","embeddable":true,"href":"https:\/\/www.caririemacao.com\/1\/wp-json\/wp\/v2\/tags?post=171931"}],"curies":[{"name":"wp","href":"https:\/\/api.w.org\/{rel}","templated":true}]}}