{"id":171939,"date":"2020-05-28T21:31:25","date_gmt":"2020-05-29T00:31:25","guid":{"rendered":"https:\/\/www.caririemacao.com\/1\/?p=171939"},"modified":"2020-05-28T21:31:25","modified_gmt":"2020-05-29T00:31:25","slug":"policia-militar-prende-homem-suspeito-de-comercializar-ilegalmente-arma-de-fogo-em-monteiro","status":"publish","type":"post","link":"https:\/\/www.caririemacao.com\/1\/2020\/05\/28\/policia-militar-prende-homem-suspeito-de-comercializar-ilegalmente-arma-de-fogo-em-monteiro\/","title":{"rendered":"Pol\u00edcia Militar prende homem suspeito de comercializar ilegalmente arma de fogo em Monteiro"},"content":{"rendered":"\n<p>A Pol\u00edcia Militar prendeu, ap\u00f3s uma den\u00fancia, um homem que estaria comercializando ilegalmente uma arma de fogo na cidade de Monteiro. Ele foi preso no in\u00edcio da tarde da quinta-feira (28).<\/p>\n\n\n\n<p>A pris\u00e3o aconteceu na Rua Gilverson de Ara\u00fajo Cordeiro, onde o acusado estava de posse de uma espingarda, o mesmo ainda tentou alegar aos policiais que havia achado a arma.<\/p>\n\n\n\n<p>Os policiais apresentaram o suspeito e a arma apreendida na Delegacia de Pol\u00edcia Civil de Monteiro para os procedimentos cab\u00edveis.<\/p>\n","protected":false},"excerpt":{"rendered":"<p>A Pol\u00edcia Militar prendeu, ap\u00f3s uma den\u00fancia, um homem que estaria comercializando ilegalmente uma arma de fogo na cidade de Monteiro. Ele foi preso no&hellip; <\/p>\n","protected":false},"author":2,"featured_media":171940,"comment_status":"closed","ping_status":"closed","sticky":false,"template":"","format":"standard","meta":{"sfsi_plus_gutenberg_text_before_share":"","sfsi_plus_gutenberg_show_text_before_share":"","sfsi_plus_gutenberg_icon_type":"","sfsi_plus_gutenberg_icon_alignemt":"","sfsi_plus_gutenburg_max_per_row":"","footnotes":""},"categories":[50,12],"tags":[],"class_list":["post-171939","post","type-post","status-publish","format-standard","has-post-thumbnail","hentry","category-destaque","category-policia"],"_links":{"self":[{"href":"https:\/\/www.caririemacao.com\/1\/wp-json\/wp\/v2\/posts\/171939","targetHints":{"allow":["GET"]}}],"collection":[{"href":"https:\/\/www.caririemacao.com\/1\/wp-json\/wp\/v2\/posts"}],"about":[{"href":"https:\/\/www.caririemacao.com\/1\/wp-json\/wp\/v2\/types\/post"}],"author":[{"embeddable":true,"href":"https:\/\/www.caririemacao.com\/1\/wp-json\/wp\/v2\/users\/2"}],"replies":[{"embeddable":true,"href":"https:\/\/www.caririemacao.com\/1\/wp-json\/wp\/v2\/comments?post=171939"}],"version-history":[{"count":1,"href":"https:\/\/www.caririemacao.com\/1\/wp-json\/wp\/v2\/posts\/171939\/revisions"}],"predecessor-version":[{"id":171941,"href":"https:\/\/www.caririemacao.com\/1\/wp-json\/wp\/v2\/posts\/171939\/revisions\/171941"}],"wp:featuredmedia":[{"embeddable":true,"href":"https:\/\/www.caririemacao.com\/1\/wp-json\/wp\/v2\/media\/171940"}],"wp:attachment":[{"href":"https:\/\/www.caririemacao.com\/1\/wp-json\/wp\/v2\/media?parent=171939"}],"wp:term":[{"taxonomy":"category","embeddable":true,"href":"https:\/\/www.caririemacao.com\/1\/wp-json\/wp\/v2\/categories?post=171939"},{"taxonomy":"post_tag","embeddable":true,"href":"https:\/\/www.caririemacao.com\/1\/wp-json\/wp\/v2\/tags?post=171939"}],"curies":[{"name":"wp","href":"https:\/\/api.w.org\/{rel}","templated":true}]}}