{"id":171942,"date":"2020-05-28T21:34:15","date_gmt":"2020-05-29T00:34:15","guid":{"rendered":"https:\/\/www.caririemacao.com\/1\/?p=171942"},"modified":"2020-05-28T21:34:15","modified_gmt":"2020-05-29T00:34:15","slug":"policia-militar-cumpre-mandado-de-prisao-em-monteiro-2","status":"publish","type":"post","link":"https:\/\/www.caririemacao.com\/1\/2020\/05\/28\/policia-militar-cumpre-mandado-de-prisao-em-monteiro-2\/","title":{"rendered":"Pol\u00edcia Militar cumpre mandado de pris\u00e3o em Monteiro"},"content":{"rendered":"\n<p>Policiais Militares do 11\u00ba Batalh\u00e3o prenderam, no in\u00edcio da tarde da quinta-feira (28), um homem de (28) anos de idade, na Rua Jo\u00e3o Paz de Oliveira, no Alto S\u00e3o Vicente em Monteiro-PB. <\/p>\n\n\n\n<p>A a\u00e7\u00e3o ocorreu em cumprimento a mandado de pris\u00e3o espedido pela 1\u00aa Vara Mista da Comarca de Monteiro em desfavor do mesmo sobre a acusa\u00e7\u00e3o de v\u00e1rios crimes.<\/p>\n\n\n\n<p>O detido foi conduzido \u00e0 Delegacia de Pol\u00edcia Civil de Monteiro.<\/p>\n","protected":false},"excerpt":{"rendered":"<p>Policiais Militares do 11\u00ba Batalh\u00e3o prenderam, no in\u00edcio da tarde da quinta-feira (28), um homem de (28) anos de idade, na Rua Jo\u00e3o Paz de&hellip; <\/p>\n","protected":false},"author":2,"featured_media":171943,"comment_status":"closed","ping_status":"closed","sticky":false,"template":"","format":"standard","meta":{"sfsi_plus_gutenberg_text_before_share":"","sfsi_plus_gutenberg_show_text_before_share":"","sfsi_plus_gutenberg_icon_type":"","sfsi_plus_gutenberg_icon_alignemt":"","sfsi_plus_gutenburg_max_per_row":"","footnotes":""},"categories":[50,12],"tags":[],"class_list":["post-171942","post","type-post","status-publish","format-standard","has-post-thumbnail","hentry","category-destaque","category-policia"],"_links":{"self":[{"href":"https:\/\/www.caririemacao.com\/1\/wp-json\/wp\/v2\/posts\/171942","targetHints":{"allow":["GET"]}}],"collection":[{"href":"https:\/\/www.caririemacao.com\/1\/wp-json\/wp\/v2\/posts"}],"about":[{"href":"https:\/\/www.caririemacao.com\/1\/wp-json\/wp\/v2\/types\/post"}],"author":[{"embeddable":true,"href":"https:\/\/www.caririemacao.com\/1\/wp-json\/wp\/v2\/users\/2"}],"replies":[{"embeddable":true,"href":"https:\/\/www.caririemacao.com\/1\/wp-json\/wp\/v2\/comments?post=171942"}],"version-history":[{"count":1,"href":"https:\/\/www.caririemacao.com\/1\/wp-json\/wp\/v2\/posts\/171942\/revisions"}],"predecessor-version":[{"id":171944,"href":"https:\/\/www.caririemacao.com\/1\/wp-json\/wp\/v2\/posts\/171942\/revisions\/171944"}],"wp:featuredmedia":[{"embeddable":true,"href":"https:\/\/www.caririemacao.com\/1\/wp-json\/wp\/v2\/media\/171943"}],"wp:attachment":[{"href":"https:\/\/www.caririemacao.com\/1\/wp-json\/wp\/v2\/media?parent=171942"}],"wp:term":[{"taxonomy":"category","embeddable":true,"href":"https:\/\/www.caririemacao.com\/1\/wp-json\/wp\/v2\/categories?post=171942"},{"taxonomy":"post_tag","embeddable":true,"href":"https:\/\/www.caririemacao.com\/1\/wp-json\/wp\/v2\/tags?post=171942"}],"curies":[{"name":"wp","href":"https:\/\/api.w.org\/{rel}","templated":true}]}}