{"id":171945,"date":"2020-05-29T01:15:49","date_gmt":"2020-05-29T04:15:49","guid":{"rendered":"https:\/\/www.caririemacao.com\/1\/?p=171945"},"modified":"2020-05-29T01:15:49","modified_gmt":"2020-05-29T04:15:49","slug":"secretaria-de-transportes-de-caraubas-apresenta-nova-frota-de-veiculos-adquiridos-pela-atual-gestao","status":"publish","type":"post","link":"https:\/\/www.caririemacao.com\/1\/2020\/05\/29\/secretaria-de-transportes-de-caraubas-apresenta-nova-frota-de-veiculos-adquiridos-pela-atual-gestao\/","title":{"rendered":"Secretaria de Transportes de Cara\u00fabas apresenta nova frota de ve\u00edculos adquiridos pela atual gest\u00e3o"},"content":{"rendered":"\n<p>Com investimentos superiores a mais de R$ 2.000.000,00 (Dois Milh\u00f5es de Reais) oriundos de conv\u00eanios federal, estadual e de recursos pr\u00f3prios, a Secretaria dos Transportes da Prefeitura Municipal de Cara\u00fabas apresentou a popula\u00e7\u00e3o caraubense, em desfile aberto, a nova frota de ve\u00edculos oficiais adquiridos pela atual gest\u00e3o.<\/p>\n\n\n\n<figure class=\"wp-block-image size-large\"><img fetchpriority=\"high\" decoding=\"async\" width=\"770\" height=\"577\" src=\"https:\/\/www.caririemacao.com\/1\/wp-content\/uploads\/2020\/05\/frota-caraubas-2.jpg\" alt=\"\" class=\"wp-image-171947\" srcset=\"https:\/\/www.caririemacao.com\/1\/wp-content\/uploads\/2020\/05\/frota-caraubas-2.jpg 770w, https:\/\/www.caririemacao.com\/1\/wp-content\/uploads\/2020\/05\/frota-caraubas-2-300x225.jpg 300w, https:\/\/www.caririemacao.com\/1\/wp-content\/uploads\/2020\/05\/frota-caraubas-2-768x576.jpg 768w\" sizes=\"(max-width: 770px) 100vw, 770px\" \/><\/figure>\n\n\n\n<p>De acordo com o secret\u00e1rio adjunto dos transportes Jos\u00e9 Valtemar, foram adquiridos desde o ano de 2017 v\u00e1rios ve\u00edculos de marcas e modelos para v\u00e1rias secretarias. \u201cDestacamos os dois ve\u00edculos leves e de passeio adquiridos para a SEMAS, um fiat Uno e o Ari Cross, um gol, uma Spin e um micro-\u00f4nibus para a secretaria da educa\u00e7\u00e3o, na sa\u00fade foram 03 (tr\u00eas) ve\u00edculos gol, 02 (duas) ambul\u00e2ncias fiat Ducato, 01 (uma) ambul\u00e2ncia fiorino, 01 (uma) Van Renault Master com capacidade de 16 passageiros e 01(um) trator com equipamentos\u201d, explicou.<\/p>\n\n\n\n<figure class=\"wp-block-image size-large\"><img decoding=\"async\" width=\"770\" height=\"577\" data-src=\"https:\/\/www.caririemacao.com\/1\/wp-content\/uploads\/2020\/05\/frota-caraubas-3.jpg\" alt=\"\" class=\"wp-image-171948 lazyload\" data-srcset=\"https:\/\/www.caririemacao.com\/1\/wp-content\/uploads\/2020\/05\/frota-caraubas-3.jpg 770w, https:\/\/www.caririemacao.com\/1\/wp-content\/uploads\/2020\/05\/frota-caraubas-3-300x225.jpg 300w, https:\/\/www.caririemacao.com\/1\/wp-content\/uploads\/2020\/05\/frota-caraubas-3-768x576.jpg 768w\" data-sizes=\"(max-width: 770px) 100vw, 770px\" src=\"data:image\/svg+xml;base64,PHN2ZyB3aWR0aD0iMSIgaGVpZ2h0PSIxIiB4bWxucz0iaHR0cDovL3d3dy53My5vcmcvMjAwMC9zdmciPjwvc3ZnPg==\" style=\"--smush-placeholder-width: 770px; --smush-placeholder-aspect-ratio: 770\/577;\" \/><\/figure>\n\n\n\n<p>Foram recuperados os ve\u00edculos Grand Livina, Ambul\u00e2ncia Renault Master, um ve\u00edculo D-20, um ve\u00edculo Palio e 01 corsa classic da frota oficial j\u00e1 existente no munic\u00edpio. O secret\u00e1rio Jos\u00e9 Renivaldo afirmou que n\u00e3o se pode comparar a atual frota existente com o que foi encontrada em 2017, pois, n\u00e3o existia nenhum ve\u00edculo oficial novo existente. \u201cFoi com muito trabalho e dedica\u00e7\u00e3o do prefeito Silvano Dudu que buscou recursos atrav\u00e9s de importantes parcerias para que a popula\u00e7\u00e3o n\u00e3o ficasse desassistida de transporte\u201d, disse ele.<\/p>\n\n\n\n<figure class=\"wp-block-image size-large\"><img decoding=\"async\" width=\"770\" height=\"577\" data-src=\"https:\/\/www.caririemacao.com\/1\/wp-content\/uploads\/2020\/05\/frota-caraubas-1.jpg\" alt=\"\" class=\"wp-image-171946 lazyload\" data-srcset=\"https:\/\/www.caririemacao.com\/1\/wp-content\/uploads\/2020\/05\/frota-caraubas-1.jpg 770w, https:\/\/www.caririemacao.com\/1\/wp-content\/uploads\/2020\/05\/frota-caraubas-1-300x225.jpg 300w, https:\/\/www.caririemacao.com\/1\/wp-content\/uploads\/2020\/05\/frota-caraubas-1-768x576.jpg 768w\" data-sizes=\"(max-width: 770px) 100vw, 770px\" src=\"data:image\/svg+xml;base64,PHN2ZyB3aWR0aD0iMSIgaGVpZ2h0PSIxIiB4bWxucz0iaHR0cDovL3d3dy53My5vcmcvMjAwMC9zdmciPjwvc3ZnPg==\" style=\"--smush-placeholder-width: 770px; --smush-placeholder-aspect-ratio: 770\/577;\" \/><\/figure>\n\n\n\n<p>A nova frota vem sendo utilizada pela popula\u00e7\u00e3o para diversas finalidades que v\u00e3o desde o transporte de pacientes que tem tratamento especializado de doen\u00e7as cr\u00f4nicas, viaturas para inspe\u00e7\u00e3o de trabalhos voltados a atua\u00e7\u00e3o do conselho tutelar, transporte de alunos e de profissionais da sa\u00fade e da educa\u00e7\u00e3o.<\/p>\n\n\n\n<p>Al\u00e9m do mais, segundo o prefeito Silvano Dudu foi feita de in\u00e9dita no munic\u00edpio a padroniza\u00e7\u00e3o de toda frota. \u201cIsso \u00e9 importante porque al\u00e9m de carregar a imagem da institui\u00e7\u00e3o e do munic\u00edpio, demonstra claramente a f\u00e1cil localiza\u00e7\u00e3o dos nossos ve\u00edculos por onde passar\u201d, disse realizado pelo trabalho desempenhado o prefeito.<\/p>\n\n\n\n<p>Fonte: SEPLACOM<\/p>\n","protected":false},"excerpt":{"rendered":"<p>Com investimentos superiores a mais de R$ 2.000.000,00 (Dois Milh\u00f5es de Reais) oriundos de conv\u00eanios federal, estadual e de recursos pr\u00f3prios, a Secretaria dos Transportes&hellip; <\/p>\n","protected":false},"author":1,"featured_media":171949,"comment_status":"closed","ping_status":"closed","sticky":false,"template":"","format":"standard","meta":{"sfsi_plus_gutenberg_text_before_share":"","sfsi_plus_gutenberg_show_text_before_share":"","sfsi_plus_gutenberg_icon_type":"","sfsi_plus_gutenberg_icon_alignemt":"","sfsi_plus_gutenburg_max_per_row":"","footnotes":""},"categories":[6,50],"tags":[],"class_list":["post-171945","post","type-post","status-publish","format-standard","has-post-thumbnail","hentry","category-cidades","category-destaque"],"_links":{"self":[{"href":"https:\/\/www.caririemacao.com\/1\/wp-json\/wp\/v2\/posts\/171945","targetHints":{"allow":["GET"]}}],"collection":[{"href":"https:\/\/www.caririemacao.com\/1\/wp-json\/wp\/v2\/posts"}],"about":[{"href":"https:\/\/www.caririemacao.com\/1\/wp-json\/wp\/v2\/types\/post"}],"author":[{"embeddable":true,"href":"https:\/\/www.caririemacao.com\/1\/wp-json\/wp\/v2\/users\/1"}],"replies":[{"embeddable":true,"href":"https:\/\/www.caririemacao.com\/1\/wp-json\/wp\/v2\/comments?post=171945"}],"version-history":[{"count":1,"href":"https:\/\/www.caririemacao.com\/1\/wp-json\/wp\/v2\/posts\/171945\/revisions"}],"predecessor-version":[{"id":171950,"href":"https:\/\/www.caririemacao.com\/1\/wp-json\/wp\/v2\/posts\/171945\/revisions\/171950"}],"wp:featuredmedia":[{"embeddable":true,"href":"https:\/\/www.caririemacao.com\/1\/wp-json\/wp\/v2\/media\/171949"}],"wp:attachment":[{"href":"https:\/\/www.caririemacao.com\/1\/wp-json\/wp\/v2\/media?parent=171945"}],"wp:term":[{"taxonomy":"category","embeddable":true,"href":"https:\/\/www.caririemacao.com\/1\/wp-json\/wp\/v2\/categories?post=171945"},{"taxonomy":"post_tag","embeddable":true,"href":"https:\/\/www.caririemacao.com\/1\/wp-json\/wp\/v2\/tags?post=171945"}],"curies":[{"name":"wp","href":"https:\/\/api.w.org\/{rel}","templated":true}]}}