{"id":171954,"date":"2020-05-29T06:23:13","date_gmt":"2020-05-29T09:23:13","guid":{"rendered":"https:\/\/www.caririemacao.com\/1\/?p=171954"},"modified":"2020-05-29T06:23:13","modified_gmt":"2020-05-29T09:23:13","slug":"secretaria-da-educacao-de-caraubas-inicia-distribuicao-de-kits-da-merenda-escolar","status":"publish","type":"post","link":"https:\/\/www.caririemacao.com\/1\/2020\/05\/29\/secretaria-da-educacao-de-caraubas-inicia-distribuicao-de-kits-da-merenda-escolar\/","title":{"rendered":"Secretaria da Educa\u00e7\u00e3o de Cara\u00fabas inicia distribui\u00e7\u00e3o de kits da merenda escolar"},"content":{"rendered":"\n<p>A Secretaria da Educa\u00e7\u00e3o da Prefeitura Municipal de Cara\u00fabas iniciou na quinta-feira, dia 28\/05, a distribui\u00e7\u00e3o do Kit da Merenda Escolar com os pais dos alunos regularmente matriculados na rede p\u00fablica de ensino. De acordo com o cronograma divulgado oficialmente todos os alunos matriculados na rede p\u00fablica municipal de ensino receber\u00e3o o kit.<\/p>\n\n\n\n<p><br>Hoje pela manh\u00e3 a secret\u00e1ria da Educa\u00e7\u00e3o Rhayanne Fernandes esteve pessoalmente acompanhada de assessores e t\u00e9cnicos da secretaria da Educa\u00e7\u00e3o na escola S\u00f3ter Correia Neves na comunidade de Campos onde atendendo os crit\u00e9rios estabelecidos pelo MEC\/FNDE, bem como, cumprindo as exig\u00eancias da OMS, do Minist\u00e9rio da Sa\u00fade, do Governo do Estado da Para\u00edba e da Secretaria Municipal da Sa\u00fade cumpriram o protocolo de atendimento sem aglomera\u00e7\u00f5es de pessoas, formando filas com distanciamento m\u00ednimo exigido, procedendo a higieniza\u00e7\u00e3o das m\u00e3os e o correto uso de m\u00e1scaras para distribui\u00e7\u00e3o do kit da merenda.<\/p>\n\n\n\n<p><br>A secret\u00e1ria da educa\u00e7\u00e3o Rhayanne Fernandes lembra que s\u00f3 devem comparecer aos locais de entrega os pais ou respons\u00e1veis munidos de documentos pessoais, carteira de Identidade e CPF, apenas uma pessoa comparecer para retirada do kit. J\u00e1 no per\u00edodo da tarde foi \u00e0 vez da comunidade do Salgadinho e Curralinho receberem o kit da merenda que foi distribu\u00eddo na Igreja da comunidade de Curralinho.<\/p>\n\n\n\n<p><br>Estou me sentindo feliz por proporcionar a essas fam\u00edlias um pouco de alento e de dignidade. Confesso que ao entrar na sala de aula me bateu uma saudade do rostinho de cada crian\u00e7a que ali diariamente aprende um pouco sobre educa\u00e7\u00e3o, disse a secret\u00e1ria da educa\u00e7\u00e3o, Rhayanne.<br>De acordo com o cronograma a distribui\u00e7\u00e3o ser\u00e1 realizada nos seguintes locais e hor\u00e1rios: Amanh\u00e3 dia 29\/05 &#8211; EMEIEF JOAQUIM GALDINO SANTIAGO \u2013 S\u00cdTIO PONTA DE SERRA para os pais residentes na comunidade da Passagem, a entrega ser\u00e1 na igreja da comunidade das 8h30min \u00e0s 10h. para os pais residentes em ponta de serra, a entrega ser\u00e1 realizada na pr\u00f3pria escola das 10h \u00e0s 11h.<\/p>\n\n\n\n<p><br>J\u00e1 no dia 1\/6 ser\u00e1 a vez dos alunos da EMEIEF ALICE JORGE DA SILVA \u2013 SEDE DO MUNIC\u00cdPIO a entrega ser\u00e1 realizada na pr\u00f3pria escola nos seguintes hor\u00e1rios: das 8h. \u00e0s 12h. &#8211; para os pais de alunos do turno da manh\u00e3 e das 13h. \u00e0s 17h \u2013 para os pais de alunos do turno da tarde.<\/p>\n\n\n\n<p><br>No dia 2\/6, receberam o kit os pais dos alunos matriculados na CRECHE ESCOLA MUNICIPAL S\u00c3O PEDRO \u2013 SEDE DO MUNICIPIO, a entrega ser\u00e1 realizada na pr\u00f3pria creche nos seguintes hor\u00e1rios: das 8h \u00e0s 12h &#8211; para os pais de alunos do turno da manh\u00e3 e das 13h \u00e0s 17h. \u2013 para os pais de alunos do turno da tarde.<br>Por fim, no dia 3\/6, ser\u00e1 a vez dos pais dos alunos da EMEIEF JO\u00c3O JOS\u00c9 DE ALCANTARA \u2013 DISTRITO DE BARREIRAS. A entrega ser\u00e1 realizada na pr\u00f3pria escola nos seguintes hor\u00e1rios das 9h \u00e0s 12h30min &#8211; para os pais de alunos do turno da manh\u00e3 e das 13h30min \u00e0s 16h30min \u2013 para os pais de alunos do turno da noite.<\/p>\n\n\n\n<figure class=\"wp-block-image size-large\"><img fetchpriority=\"high\" decoding=\"async\" width=\"770\" height=\"577\" src=\"https:\/\/www.caririemacao.com\/1\/wp-content\/uploads\/2020\/05\/FB_IMG_1590744362146.jpg\" alt=\"\" class=\"wp-image-171960\" srcset=\"https:\/\/www.caririemacao.com\/1\/wp-content\/uploads\/2020\/05\/FB_IMG_1590744362146.jpg 770w, https:\/\/www.caririemacao.com\/1\/wp-content\/uploads\/2020\/05\/FB_IMG_1590744362146-300x225.jpg 300w, https:\/\/www.caririemacao.com\/1\/wp-content\/uploads\/2020\/05\/FB_IMG_1590744362146-768x576.jpg 768w\" sizes=\"(max-width: 770px) 100vw, 770px\" \/><\/figure>\n\n\n\n<figure class=\"wp-block-image size-large\"><img decoding=\"async\" width=\"960\" height=\"720\" data-src=\"https:\/\/www.caririemacao.com\/1\/wp-content\/uploads\/2020\/05\/FB_IMG_1590744359573.jpg\" alt=\"\" class=\"wp-image-171961 lazyload\" data-srcset=\"https:\/\/www.caririemacao.com\/1\/wp-content\/uploads\/2020\/05\/FB_IMG_1590744359573.jpg 960w, https:\/\/www.caririemacao.com\/1\/wp-content\/uploads\/2020\/05\/FB_IMG_1590744359573-300x225.jpg 300w, https:\/\/www.caririemacao.com\/1\/wp-content\/uploads\/2020\/05\/FB_IMG_1590744359573-768x576.jpg 768w\" data-sizes=\"(max-width: 960px) 100vw, 960px\" src=\"data:image\/svg+xml;base64,PHN2ZyB3aWR0aD0iMSIgaGVpZ2h0PSIxIiB4bWxucz0iaHR0cDovL3d3dy53My5vcmcvMjAwMC9zdmciPjwvc3ZnPg==\" style=\"--smush-placeholder-width: 960px; --smush-placeholder-aspect-ratio: 960\/720;\" \/><\/figure>\n\n\n\n<p>Fonte: SEPLACOM<br>Foto: MIGUEL FILHO<\/p>\n","protected":false},"excerpt":{"rendered":"<p>A Secretaria da Educa\u00e7\u00e3o da Prefeitura Municipal de Cara\u00fabas iniciou na quinta-feira, dia 28\/05, a distribui\u00e7\u00e3o do Kit da Merenda Escolar com os pais dos&hellip; <\/p>\n","protected":false},"author":1,"featured_media":171959,"comment_status":"closed","ping_status":"closed","sticky":false,"template":"","format":"standard","meta":{"sfsi_plus_gutenberg_text_before_share":"","sfsi_plus_gutenberg_show_text_before_share":"","sfsi_plus_gutenberg_icon_type":"","sfsi_plus_gutenberg_icon_alignemt":"","sfsi_plus_gutenburg_max_per_row":"","footnotes":""},"categories":[6,50],"tags":[],"class_list":["post-171954","post","type-post","status-publish","format-standard","has-post-thumbnail","hentry","category-cidades","category-destaque"],"_links":{"self":[{"href":"https:\/\/www.caririemacao.com\/1\/wp-json\/wp\/v2\/posts\/171954","targetHints":{"allow":["GET"]}}],"collection":[{"href":"https:\/\/www.caririemacao.com\/1\/wp-json\/wp\/v2\/posts"}],"about":[{"href":"https:\/\/www.caririemacao.com\/1\/wp-json\/wp\/v2\/types\/post"}],"author":[{"embeddable":true,"href":"https:\/\/www.caririemacao.com\/1\/wp-json\/wp\/v2\/users\/1"}],"replies":[{"embeddable":true,"href":"https:\/\/www.caririemacao.com\/1\/wp-json\/wp\/v2\/comments?post=171954"}],"version-history":[{"count":1,"href":"https:\/\/www.caririemacao.com\/1\/wp-json\/wp\/v2\/posts\/171954\/revisions"}],"predecessor-version":[{"id":171962,"href":"https:\/\/www.caririemacao.com\/1\/wp-json\/wp\/v2\/posts\/171954\/revisions\/171962"}],"wp:featuredmedia":[{"embeddable":true,"href":"https:\/\/www.caririemacao.com\/1\/wp-json\/wp\/v2\/media\/171959"}],"wp:attachment":[{"href":"https:\/\/www.caririemacao.com\/1\/wp-json\/wp\/v2\/media?parent=171954"}],"wp:term":[{"taxonomy":"category","embeddable":true,"href":"https:\/\/www.caririemacao.com\/1\/wp-json\/wp\/v2\/categories?post=171954"},{"taxonomy":"post_tag","embeddable":true,"href":"https:\/\/www.caririemacao.com\/1\/wp-json\/wp\/v2\/tags?post=171954"}],"curies":[{"name":"wp","href":"https:\/\/api.w.org\/{rel}","templated":true}]}}