{"id":171955,"date":"2020-05-29T06:21:00","date_gmt":"2020-05-29T09:21:00","guid":{"rendered":"https:\/\/www.caririemacao.com\/1\/?p=171955"},"modified":"2020-05-29T06:21:00","modified_gmt":"2020-05-29T09:21:00","slug":"curada-da-covid-19-boavistense-deixa-o-hospital","status":"publish","type":"post","link":"https:\/\/www.caririemacao.com\/1\/2020\/05\/29\/curada-da-covid-19-boavistense-deixa-o-hospital\/","title":{"rendered":"Curada da Covid-19 boavistense deixa o hospital"},"content":{"rendered":"\n<p>Nesta quinta-feira (28), a boavistense, Consuelo Barbosa, que estava internada no Hospital Pedro I desde o dia 23, retornou aos bra\u00e7os de sua fam\u00edlia, curada do novo Coronav\u00edrus.<\/p>\n\n\n\n<p>Embalada pelo amor e pelo som de choros de alegria e agradecimento, Consuelo retornou a sua casa, na cidade de Boa Vista.<\/p>\n\n\n\n<p>Esse \u00e9 o terceiro caso de um paciente boavistense curado da Covid-19.<\/p>\n\n\n\n<p>\u201cObrigado Senhor pela Sua miseric\u00f3rdia e amor por todos filhos. E, com f\u00e9 em Deus,&nbsp; iremos contar a vit\u00f3ria de todos\u201d, comemora o prefeito, Andr\u00e9 Gomes (PDT).<\/p>\n","protected":false},"excerpt":{"rendered":"<p>Nesta quinta-feira (28), a boavistense, Consuelo Barbosa, que estava internada no Hospital Pedro I desde o dia 23, retornou aos bra\u00e7os de sua fam\u00edlia, curada&hellip; <\/p>\n","protected":false},"author":2,"featured_media":171956,"comment_status":"closed","ping_status":"closed","sticky":false,"template":"","format":"standard","meta":{"sfsi_plus_gutenberg_text_before_share":"","sfsi_plus_gutenberg_show_text_before_share":"","sfsi_plus_gutenberg_icon_type":"","sfsi_plus_gutenberg_icon_alignemt":"","sfsi_plus_gutenburg_max_per_row":"","footnotes":""},"categories":[50,16],"tags":[],"class_list":["post-171955","post","type-post","status-publish","format-standard","has-post-thumbnail","hentry","category-destaque","category-saude"],"_links":{"self":[{"href":"https:\/\/www.caririemacao.com\/1\/wp-json\/wp\/v2\/posts\/171955","targetHints":{"allow":["GET"]}}],"collection":[{"href":"https:\/\/www.caririemacao.com\/1\/wp-json\/wp\/v2\/posts"}],"about":[{"href":"https:\/\/www.caririemacao.com\/1\/wp-json\/wp\/v2\/types\/post"}],"author":[{"embeddable":true,"href":"https:\/\/www.caririemacao.com\/1\/wp-json\/wp\/v2\/users\/2"}],"replies":[{"embeddable":true,"href":"https:\/\/www.caririemacao.com\/1\/wp-json\/wp\/v2\/comments?post=171955"}],"version-history":[{"count":1,"href":"https:\/\/www.caririemacao.com\/1\/wp-json\/wp\/v2\/posts\/171955\/revisions"}],"predecessor-version":[{"id":171957,"href":"https:\/\/www.caririemacao.com\/1\/wp-json\/wp\/v2\/posts\/171955\/revisions\/171957"}],"wp:featuredmedia":[{"embeddable":true,"href":"https:\/\/www.caririemacao.com\/1\/wp-json\/wp\/v2\/media\/171956"}],"wp:attachment":[{"href":"https:\/\/www.caririemacao.com\/1\/wp-json\/wp\/v2\/media?parent=171955"}],"wp:term":[{"taxonomy":"category","embeddable":true,"href":"https:\/\/www.caririemacao.com\/1\/wp-json\/wp\/v2\/categories?post=171955"},{"taxonomy":"post_tag","embeddable":true,"href":"https:\/\/www.caririemacao.com\/1\/wp-json\/wp\/v2\/tags?post=171955"}],"curies":[{"name":"wp","href":"https:\/\/api.w.org\/{rel}","templated":true}]}}